{"id":503865,"date":"2020-08-04T19:09:52","date_gmt":"2020-08-04T17:09:52","guid":{"rendered":"http:\/\/www.ivg.it\/?p=503865"},"modified":"2020-08-04T19:09:52","modified_gmt":"2020-08-04T17:09:52","slug":"albissola-marina-un-cippo-per-ricordare-il-partigiano-nicolo-saettone","status":"publish","type":"post","link":"https:\/\/staging.ivg.it\/2020\/08\/albissola-marina-un-cippo-per-ricordare-il-partigiano-nicolo-saettone\/","title":{"rendered":"Albissola Marina, un cippo per ricordare il partigiano Nicol\u00f2 Saettone"},"content":{"rendered":"<p><strong>Albissola Marina.<\/strong> Si svolger\u00e0 luned\u00ec 10 agosto alle ore 18.15, in via delle Industrie, localit\u00e0 Galaie, la breve cerimonia di presentazione del nuovo cippo in ricordo del martirio del partigiano Nicol\u00f2 Saettone.<\/p>\n<p>Parteciperanno il giornalista e scrittore Gad Lerner con lo storico Marco Revelli, nonch\u00e9 l\u2019artista Mario Nebiolo che ha donato all\u2019Anpi di Albissola Marina, Sez. \u201cGustavo\u201d, il monumento in pietra di Verezzi dedicato a Saettone.<\/p>\n<p>Interverranno il sindaco Gianluca Nasuti ed altri rappresentanti dell\u2019amministrazione comunale, don Gino Peluffo e i rappresentanti dell\u2019Anpi provinciale e territoriale.<\/p>\n","protected":false},"excerpt":{"rendered":"<p>Realizzato in pietra di Verezzi dall&#8217;artista Mario Nebiolo e donato all&#8217;Anpi, sar\u00e0 presentato luned\u00ec 10 agosto<\/p>\n","protected":false},"author":10593,"featured_media":0,"comment_status":"open","ping_status":"closed","sticky":false,"template":"","format":"standard","meta":{"footnotes":""},"categories":[56],"tags":[4842],"class_list":["post-503865","post","type-post","status-publish","format-standard","hentry","category-altre","tag-anpi","post_cat_citta-albissola-marina","post_tag_personaggi-mario-nebiolo"],"amp_validity":null,"amp_enabled":true,"_links":{"self":[{"href":"https:\/\/staging.ivg.it\/ediapi\/wp\/v2\/posts\/503865","targetHints":{"allow":["GET"]}}],"collection":[{"href":"https:\/\/staging.ivg.it\/ediapi\/wp\/v2\/posts"}],"about":[{"href":"https:\/\/staging.ivg.it\/ediapi\/wp\/v2\/types\/post"}],"author":[{"embeddable":true,"href":"https:\/\/staging.ivg.it\/ediapi\/wp\/v2\/users\/10593"}],"replies":[{"embeddable":true,"href":"https:\/\/staging.ivg.it\/ediapi\/wp\/v2\/comments?post=503865"}],"version-history":[{"count":0,"href":"https:\/\/staging.ivg.it\/ediapi\/wp\/v2\/posts\/503865\/revisions"}],"wp:attachment":[{"href":"https:\/\/staging.ivg.it\/ediapi\/wp\/v2\/media?parent=503865"}],"wp:term":[{"taxonomy":"category","embeddable":true,"href":"https:\/\/staging.ivg.it\/ediapi\/wp\/v2\/categories?post=503865"},{"taxonomy":"post_tag","embeddable":true,"href":"https:\/\/staging.ivg.it\/ediapi\/wp\/v2\/tags?post=503865"}],"curies":[{"name":"wp","href":"https:\/\/api.w.org\/{rel}","templated":true}]}}