{"id":503704,"date":"2020-08-03T16:13:08","date_gmt":"2020-08-03T14:13:08","guid":{"rendered":"http:\/\/www.ivg.it\/?p=503704"},"modified":"2020-08-03T16:13:08","modified_gmt":"2020-08-03T14:13:08","slug":"a-piedi-in-bici-o-in-dog-trekking-da-loano-a-montaldo-di-mondovi-inaugura-il-primo-dei-sentieri-2m-maremonti","status":"publish","type":"post","link":"https:\/\/staging.ivg.it\/2020\/08\/a-piedi-in-bici-o-in-dog-trekking-da-loano-a-montaldo-di-mondovi-inaugura-il-primo-dei-sentieri-2m-maremonti\/","title":{"rendered":"A piedi, in bici o in dog-trekking da Loano a Montaldo di Mondov\u00ec: inaugura il primo dei Sentieri 2M Mare&#038;Monti"},"content":{"rendered":"<p><strong>Loano<\/strong>. Collega due regioni e 16 localit\u00e0, \u00e8 formato da oltre 150 chilometri di sentieri e strade bianche con 5 mila metri di dislivello e racchiude 40 mila anni di storia, dagli albori della nostra specie ai giorni nostri. Sono queste le caratteristiche del sentiero Roa Marenca, il percorso che collega Montaldo di Mondov\u00ec a Loano e che verr\u00e0 inaugurato il prossimo 5 agosto alle 18 presso il sito archeologico della localit\u00e0 piemontese. All&#8217;incontro saranno presenti, per il Comune di Loano, il sindaco Luigi Pignocca,e l&#8217;assessore a turismo, cultura e sport Remo Zaccaria.<\/p>\n<p>Il sentiero Roa Marenca \u00e8 stato creato lo scorso anno nell&#8217;ambito del progetto \u201cSentieri 2M Mare&amp;Monti\u201d, l&#8217;iniziativa promossa dall&#8217;omonima associazione ligure-piemontese (presieduta da Marco Quaranta e Maurizio Pagliarini) che ha come obiettivo primario quello di ricostruire in chiave turistica l&#8217;antica rete di sentieri che collegava la Liguria ed il Piemonte. Il progetto vede come capifila il Comune di Montaldo di Mondov\u00ec, insieme alla commissione cultura, e il Comune di Loano.<\/p>\n<p>Il progetto prevede la creazione e la promozione in senso turistico-sostenibile, culturale ed enogastronomico di una rete di sentieri (percorribili a piedi, in e-bike o in mountain-bike) che, partendo dal basso Piemonte, giungano fino al mare. Il primo dei Sentieri 2M, dunque, pu\u00f2 essere percorso camminando o pedalando ma anche in sella a cavalli o asini o in compagnia dei nostri amici a quattro zampe (provando cos\u00ec l&#8217;inedita esperienza del \u201cdog trekking\u201d).<\/p>\n<div class=\"single-img-content-container fullwidth-single shortcode standard\">\n    <div class=\"image_container\" style=\"text-align: center;\">\n        <picture class=\" lazyload\"><img loading=\"lazy\" class=\"lazy\" data-srcset=\"https:\/\/www.ivg.it\/photogallery_new\/images\/2020\/08\/generica-638418.jpg 1024w, https:\/\/www.ivg.it\/photogallery_new\/images\/2020\/08\/generica-638418.jpg 970w, https:\/\/www.ivg.it\/photogallery_new\/images\/2020\/08\/generica-638418.jpg 660w, https:\/\/www.ivg.it\/photogallery_new\/images\/2020\/08\/generica-638418.jpg 316w, https:\/\/www.ivg.it\/photogallery_new\/images\/2020\/08\/generica-638418.jpg 150w\"  data-src=\"https:\/\/www.ivg.it\/photogallery_new\/images\/2020\/08\/generica-638418.jpg\" alt=\"Loano Sentiero Roa Marenca\" \/><\/picture>\r\n\n    <\/div>\n    <\/div>\n\n<p>Il sentiero che sar\u00e0 inaugurato ufficialmente questa settimana ricalca per una buona parte tratti dell&#8217;antica Roa Marenca, che giungeva a Imperia: durante la progettazione, il percorso ha preso la direzione di Loano, meta turistica di eccellenza per gli sport outdoor. Oggi, dunque, il sentiero Roa Marenca unisce i comuni di Loano e Montaldo di Mondov\u00ec attraverso i paesi di Ormea, Garessio, Frabosa Soprana, Roburent, Pamparato, Alto e Caprauna in Piemonte e Bardineto, Calizzano, Boissano, Castelvecchio di Rocca Barbena, Giustenice, Toirano ed Erli in Liguria.<\/p>\n<p>\u201cIl sentiero Roa Marenca \u2013 spiegano il sindaco Pignocca e l&#8217;assessore Zaccaria \u2013 \u00e8 la dimostrazione concreta del fatto che, se ci sono unione di intenti e determinazione, si pu\u00f2 realizzare un progetto di questa portata praticamente a costo zero. Per il lavoro realizzato in questi due anni non \u00e8 stato chiesto alcun tipo di contributo economico, ma solo il tempo e l&#8217;impegno personale dei tanti che hanno creduto in questa iniziativa e che hanno a cuore il loro territorio\u201d.<\/p>\n<p>Aggiungono i promotori del progetto: \u201cLo sviluppo, la divulgazione e la fruizione del Sentiero 2M Roa Marenca sono incentrati quasi totalmente sull&#8217;uso di sistemi multimediali: gli strumenti informatici, infatti, possono e devono essere utilizzati per incentivare il rispetto e la tutela dell&#8217;ambiente. Il modello di turismo creato da Sentieri 2M e concretizzato in questo primo percorso \u00e8 esportabile ovunque e pu\u00f2 diventare una risorsa per il territorio che lo adotta e che lo utilizza correttamente\u201d.<\/p>\n<div class=\"single-img-content-container fullwidth-single shortcode standard\">\n    <div class=\"image_container\" style=\"text-align: center;\">\n        <picture class=\" lazyload\"><img loading=\"lazy\" class=\"lazy\" data-srcset=\"https:\/\/www.ivg.it\/photogallery_new\/images\/2020\/08\/generica-638417.jpg 1024w, https:\/\/www.ivg.it\/photogallery_new\/images\/2020\/08\/generica-638417.jpg 970w, https:\/\/www.ivg.it\/photogallery_new\/images\/2020\/08\/generica-638417.jpg 660w, https:\/\/www.ivg.it\/photogallery_new\/images\/2020\/08\/generica-638417.jpg 316w, https:\/\/www.ivg.it\/photogallery_new\/images\/2020\/08\/generica-638417.jpg 150w\"  data-src=\"https:\/\/www.ivg.it\/photogallery_new\/images\/2020\/08\/generica-638417.jpg\" alt=\"Loano Sentiero Roa Marenca\" \/><\/picture>\r\n\n    <\/div>\n    <\/div>\n\n<p>Oltre al sentiero Roa Marenca, l&#8217;associazione \u00e8 tuttora al lavoro per la creazione di altri percorsi che, innestandosi sul tracciato dell&#8217;Alta Via dei Monti Liguri, consentano di collegare il Piemonte alla Liguria, da Ventimiglia a La Spezia, passando per alcuni dei principali comuni delle due regioni. L&#8217;intento \u00e8 \u201cunire in un percorso esclusivo e unico nel suo genere (visibile grazie a un sito dedicato e una web app) le caratteristiche turistiche, storiche, sociali, culturali, enogastronomiche dei territori e dei comuni coinvolti\u201d.<\/p>\n","protected":false},"excerpt":{"rendered":"<p>Pu\u00f2 essere percorso camminando o pedalando ma anche in sella a cavalli o asini o in compagnia dei nostri amici a quattro zampe<\/p>\n","protected":false},"author":12120,"featured_media":0,"comment_status":"open","ping_status":"closed","sticky":false,"template":"","format":"standard","meta":{"footnotes":""},"categories":[45296,35],"tags":[86171,114931],"class_list":["post-503704","post","type-post","status-publish","format-standard","hentry","category-copertina","category-economia","tag-comune-di-loano","tag-sentiero-roa-marenca","post_cat_citta-loano","post_tag_personaggi-luigi-pignocca","post_tag_personaggi-remo-zaccaria"],"amp_validity":null,"amp_enabled":true,"_links":{"self":[{"href":"https:\/\/staging.ivg.it\/ediapi\/wp\/v2\/posts\/503704","targetHints":{"allow":["GET"]}}],"collection":[{"href":"https:\/\/staging.ivg.it\/ediapi\/wp\/v2\/posts"}],"about":[{"href":"https:\/\/staging.ivg.it\/ediapi\/wp\/v2\/types\/post"}],"author":[{"embeddable":true,"href":"https:\/\/staging.ivg.it\/ediapi\/wp\/v2\/users\/12120"}],"replies":[{"embeddable":true,"href":"https:\/\/staging.ivg.it\/ediapi\/wp\/v2\/comments?post=503704"}],"version-history":[{"count":0,"href":"https:\/\/staging.ivg.it\/ediapi\/wp\/v2\/posts\/503704\/revisions"}],"wp:attachment":[{"href":"https:\/\/staging.ivg.it\/ediapi\/wp\/v2\/media?parent=503704"}],"wp:term":[{"taxonomy":"category","embeddable":true,"href":"https:\/\/staging.ivg.it\/ediapi\/wp\/v2\/categories?post=503704"},{"taxonomy":"post_tag","embeddable":true,"href":"https:\/\/staging.ivg.it\/ediapi\/wp\/v2\/tags?post=503704"}],"curies":[{"name":"wp","href":"https:\/\/api.w.org\/{rel}","templated":true}]}}