{"id":503661,"date":"2020-08-03T12:16:46","date_gmt":"2020-08-03T10:16:46","guid":{"rendered":"http:\/\/www.ivg.it\/?p=503661"},"modified":"2020-08-03T13:28:16","modified_gmt":"2020-08-03T11:28:16","slug":"nuovo-ponte-di-genova-sansa-frena-le-polemiche-e-bello-ed-e-di-tutti-noi","status":"publish","type":"post","link":"https:\/\/staging.ivg.it\/2020\/08\/nuovo-ponte-di-genova-sansa-frena-le-polemiche-e-bello-ed-e-di-tutti-noi\/","title":{"rendered":"Nuovo ponte di Genova, Sansa: &#8220;\u00c8 di tutti noi. Aspi deve risarcire i liguri&#8221;"},"content":{"rendered":"<p><strong>Genova.<\/strong>. Spegnere polemiche sul nascere e il disfattismo e lasciare il giusto spazio a memoria e celebrazione: \u00e8 ci\u00f2 che ha inteso fare il candidato di centrosinistra e Movimento 5 Stelle Ferruccio Sansa con un post su Facebook nel giorno dell&#8217;inaugurazione del nuovo ponte san Giorgio.<\/p>\n<p>Alla domanda &#8220;Cosa ne pensi del nuovo ponte?&#8221; di un collega giornalista, Sansa risponde che &#8220;\u00c8 bello e basta ed \u00e8 nostro, di tutti gli italiani e di noi genovesi. Dobbiamo ringraziare gli operai che sentivamo lavorare giorno e notte passandoci sotto, perfino nei mesi di lockdown&#8221;.<\/p>\n<p>&#8220;Dobbiamo dire grazie al Governo che \u00e8 stato veloce ed efficiente, al sindaco Marco Bucci, che l&#8217;ha seguito con passione, a Renzo Piano, che ci ha regalato il suo progetto &#8211; prosegue &#8211; Grazie a tutti noi che abbiamo contribuito a realizzare il ponte anche solo seguendolo con lo sguardo mentre saliva s\u00f9, pilone dopo pilone&#8221;.<\/p>\n<p>&#8220;Ricordo la mattina del crollo del ponte Morandi &#8211; conclude Sansa &#8211; C&#8217;erano tuoni come stanotte e si sentivano voci da sotto le macerie, si vedevano tracce di vite spezzate nelle auto precipitate nel vuoto. Lo ricorder\u00f2 sempre, soprattutto oggi: il nuovo ponte \u00e8 un segno importante per gli italiani e per i liguri. Oggi si colma un vuoto nel cielo della Valpolcevera, ma non nel cuore delle famiglie delle vittime&#8221;.<\/p>\n<p>&#8220;Per quanto riguarda le responsabilit\u00e0 sul crollo e sulla situazione delle nostre autostrade, dovranno essere chiariti molti aspetti che riguardano la gestione da parte di Aspi. La Liguria ha subito danni ingenti dal punto di vista umano ed economico. Chi sar\u00e0 al governo della Regione dovr\u00e0 pretendere miliardi da chi \u00e8 responsabile&#8221;.<\/p>\n","protected":false},"excerpt":{"rendered":"<p>&#8220;Dobbiamo ringraziare gli operai che sentivamo lavorare giorno e notte&#8221;<\/p>\n","protected":false},"author":11510,"featured_media":0,"comment_status":"open","ping_status":"closed","sticky":false,"template":"","format":"standard","meta":{"footnotes":""},"categories":[45296,56,31],"tags":[111610,360,113301],"class_list":["post-503661","post","type-post","status-publish","format-standard","hentry","category-copertina","category-altre","category-politica","tag-aspi","tag-autostrade","tag-ponte-genova","post_cat_citta-genova","post_tag_personaggi-ferruccio-sansa"],"amp_validity":null,"amp_enabled":true,"_links":{"self":[{"href":"https:\/\/staging.ivg.it\/ediapi\/wp\/v2\/posts\/503661","targetHints":{"allow":["GET"]}}],"collection":[{"href":"https:\/\/staging.ivg.it\/ediapi\/wp\/v2\/posts"}],"about":[{"href":"https:\/\/staging.ivg.it\/ediapi\/wp\/v2\/types\/post"}],"author":[{"embeddable":true,"href":"https:\/\/staging.ivg.it\/ediapi\/wp\/v2\/users\/11510"}],"replies":[{"embeddable":true,"href":"https:\/\/staging.ivg.it\/ediapi\/wp\/v2\/comments?post=503661"}],"version-history":[{"count":0,"href":"https:\/\/staging.ivg.it\/ediapi\/wp\/v2\/posts\/503661\/revisions"}],"wp:attachment":[{"href":"https:\/\/staging.ivg.it\/ediapi\/wp\/v2\/media?parent=503661"}],"wp:term":[{"taxonomy":"category","embeddable":true,"href":"https:\/\/staging.ivg.it\/ediapi\/wp\/v2\/categories?post=503661"},{"taxonomy":"post_tag","embeddable":true,"href":"https:\/\/staging.ivg.it\/ediapi\/wp\/v2\/tags?post=503661"}],"curies":[{"name":"wp","href":"https:\/\/api.w.org\/{rel}","templated":true}]}}