{"id":503414,"date":"2020-07-31T09:18:02","date_gmt":"2020-07-31T07:18:02","guid":{"rendered":"http:\/\/www.ivg.it\/?p=503414"},"modified":"2020-07-31T09:18:02","modified_gmt":"2020-07-31T07:18:02","slug":"ecco-il-nuovo-ponte-genova-san-giorgio-primi-passi-sul-viadotto-in-attesa-dellinaugurazione","status":"publish","type":"post","link":"https:\/\/staging.ivg.it\/2020\/07\/ecco-il-nuovo-ponte-genova-san-giorgio-primi-passi-sul-viadotto-in-attesa-dellinaugurazione\/","title":{"rendered":"Ecco il nuovo Ponte Genova San Giorgio: primi passi sul viadotto in attesa dell&#8217;inaugurazione"},"content":{"rendered":"<p><strong>Genova<\/strong>. Non capiter\u00e0 pi\u00f9 di vederlo cos\u00ec, quasi vuoto, e di poterci camminare sopra allo stesso tempo. <a href=\"https:\/\/www.genova24.it\">Genova24<\/a> ha avuto la possibilit\u00e0 e il privilegio di solcare alcune decine di metri del nuovo Ponte Genova San Giorgio, il viadotto che finalmente ricollega i due versanti della Val Polcevera e, idealmente, tutta la citt\u00e0.<\/p>\n<p>I costruttori di PerGenova hanno organizzato un press tour a pochi giorni dall&#8217;inaugurazione ufficiale del 3 agosto e a un paio di giorni in pi\u00f9 dalla riapertura al traffico (probabilmente il 5 agosto).<\/p>\n<p>Sul ponte si stanno ultimando le ultime rifiniture, dal fissaggio delle nuove paratie antivento alla pulizia delle sbavature di vernice sull&#8217;asfalto. Sul viadotto sono tornati i cartelli, la segnaletica, con le indicazioni per Genova Aeroporto e Genova Ovest, con i limiti di velocit\u00e0 o gli avvisi di curva. Nei prossimi giorni Aspi si occuper\u00e0 di togliere dai cartelli sul resto della tratta autostradale il nastro verde che copriva i collegamenti da e per la A10.<\/p>\n<p>Il nuovo viadotto \u00e8 lungo 1063 metri, ha tre corsie per senso di marcia &#8211; una \u00e8 di emergenza &#8211; sar\u00e0 controllato internamente ed esternamente da sistemi meccanizzati di monitoraggio e sar\u00e0 alimentato in parte da pannelli solari.<\/p>\n","protected":false},"excerpt":{"rendered":"<p>Ultime rifiniture, cartellonistica, paratie, impianti, prima del 3 agosto: l&#8217;infrastruttura a quasi due anni dal crollo del Morandi \u00e8 praticamente pronta<\/p>\n","protected":false},"author":10593,"featured_media":0,"comment_status":"open","ping_status":"closed","sticky":false,"template":"","format":"standard","meta":{"footnotes":""},"categories":[45296,34],"tags":[114823],"class_list":["post-503414","post","type-post","status-publish","format-standard","hentry","category-copertina","category-cronaca","tag-ponte-san-giorgio","post_cat_citta-genova"],"amp_validity":null,"amp_enabled":true,"_links":{"self":[{"href":"https:\/\/staging.ivg.it\/ediapi\/wp\/v2\/posts\/503414","targetHints":{"allow":["GET"]}}],"collection":[{"href":"https:\/\/staging.ivg.it\/ediapi\/wp\/v2\/posts"}],"about":[{"href":"https:\/\/staging.ivg.it\/ediapi\/wp\/v2\/types\/post"}],"author":[{"embeddable":true,"href":"https:\/\/staging.ivg.it\/ediapi\/wp\/v2\/users\/10593"}],"replies":[{"embeddable":true,"href":"https:\/\/staging.ivg.it\/ediapi\/wp\/v2\/comments?post=503414"}],"version-history":[{"count":0,"href":"https:\/\/staging.ivg.it\/ediapi\/wp\/v2\/posts\/503414\/revisions"}],"wp:attachment":[{"href":"https:\/\/staging.ivg.it\/ediapi\/wp\/v2\/media?parent=503414"}],"wp:term":[{"taxonomy":"category","embeddable":true,"href":"https:\/\/staging.ivg.it\/ediapi\/wp\/v2\/categories?post=503414"},{"taxonomy":"post_tag","embeddable":true,"href":"https:\/\/staging.ivg.it\/ediapi\/wp\/v2\/tags?post=503414"}],"curies":[{"name":"wp","href":"https:\/\/api.w.org\/{rel}","templated":true}]}}