{"id":503352,"date":"2020-07-30T14:25:04","date_gmt":"2020-07-30T12:25:04","guid":{"rendered":"http:\/\/www.ivg.it\/?p=503352"},"modified":"2020-07-30T15:14:19","modified_gmt":"2020-07-30T13:14:19","slug":"mazzata-per-laurelia-bis-niente-affidamento-diretto-si-torna-al-bando-di-gara","status":"publish","type":"post","link":"https:\/\/staging.ivg.it\/2020\/07\/mazzata-per-laurelia-bis-niente-affidamento-diretto-si-torna-al-bando-di-gara\/","title":{"rendered":"Mazzata per l&#8217;Aurelia Bis: niente affidamento, confermata la gara. Giallo al ministero: &#8220;Iter mai cambiato&#8221;"},"content":{"rendered":"<p><strong>Savona.<\/strong> L&#8217;opera non va iniziata ma solamente completata, e per questo <strong>non \u00e8 da considerare prioritaria<\/strong>. Questo, in estrema sintesi, il pensiero del Ministero delle Infrastrutture e dei Trasporti che ha portato alla decisione di <strong>non includere l&#8217;Aurelia Bis tra Savona e Albisola tra le 200 opere strategiche<\/strong> stilato dal Governo.<\/p>\n<p>La scelta rischia di avere <strong>pesanti ripercussioni sulla velocit\u00e0 con cui i lavori verranno completati<\/strong>. Una vera e propria doccia fredda per il territorio savonese, perch\u00e9 va a confermare <a href=\"https:\/\/www.ivg.it\/2020\/06\/aurelia-bis-pronta-a-ripartire-il-sottosegretario-traversi-progetto-consegnato-il-22-maggio-ora-la-gara\/\">le tempistiche anticipate da IVG lo scorso 11 giugno<\/a>\u00a0con la pubblicazione del bando di gara entro fine 2020.<\/p>\n<p>A far sperare in un esito diverso era stato l&#8217;<a href=\"https:\/\/www.ivg.it\/2020\/07\/laurelia-bis-accelera-niente-bando-di-gara-il-ministero-sceglie-laffidamento-diretto\/\">incontro di inizio luglio tra il\u00a0ministro Paola De Micheli e i sindaci del territorio<\/a>. In quell&#8217;occasione, secondo il primo cittadino di Savona Ilaria Caprioglio, il ministro aveva annunciato di aver &#8220;appena firmato la bozza&#8221; delle opere strategiche che includeva, appunto, L&#8217;Aurelia Bis: &#8220;Decorsi i 120 giorni per la verifica della documentazione, non si proceder\u00e0 a bando di gara &#8211; aveva spiegato Caprioglio &#8211; bens\u00ec, come previsto nel Decreto Semplificazione, Anas potr\u00e0 far subentrare direttamente una nuova ditta\u201d. Un iter pi\u00f9 diretto che avrebbe potuto significare anche un anno di tempo risparmiato.<\/p>\n<p>E invece, a quanto pare, non potr\u00e0 essere cos\u00ec. &#8220;Colpa&#8221; del fatto che i lavori sono gi\u00e0 arrivati all&#8217;82%, a differenza di altre opere come il raddoppio ferroviario di ponente oppure Gronda e Terzo Valico. E <strong>qui per\u00f2 arriva il giallo:\u00a0&#8220;In realt\u00e0 le tempistiche sono rimaste quelle gi\u00e0 annunciate lo scorso 11 giugno <\/strong>&#8211; fa sapere a IVG l&#8217;ufficio stampa del sottosegretario Roberto Traversi, colui che materialmente in questi mesi ha seguito la vicenda del cantiere &#8211;<strong> a noi non risulta ci siano mai state modifiche a quel programma&#8221;.<\/strong><\/p>\n<p><strong>Al ministero, insomma, il cambiamento annunciato da De Micheli in quella famosa riunione non risulta. Non si comprende a questo punto se il ministro abbia prospettato una modifica senza poi realmente portarla avanti <\/strong>(una promessa &#8220;senza cognizione di causa&#8221;?), <strong>oppure se le sue parole siano state mal interpretate dai sindaci partecipanti <\/strong>(ma appare improbabile, sia per la quantit\u00e0 di persone presenti sia perch\u00e9 non si spiegherebbe a questo punto l&#8217;<strong>assenza di successive smentite<\/strong>).<\/p>\n\n<p>Il commento di <strong>Ilaria Caprioglio<\/strong> \u00e8 di &#8220;grande rammarico. <strong>Il primo luglio<\/strong>, in occasione della riunione dell&#8217;Ufficio di Presidenza Anci sul tema infrastrutture, <strong>avevo ricevuto dalla stessa Ministra del Mit la notizia dell&#8217;affidamento diretto dei lavori<\/strong> per abbreviare i tempi per concludere l&#8217;Aurelia bis. A nulla sono valsi gli incontri a Roma presso il Mit su questo tema, come a nulla sono valsi gli incontri per sbloccare la situazione autostrade, situazione che avrebbe dovuto risolversi entro il 10 luglio con il ripristino di due corsie per carreggiata, come annunciato sempre dalla Ministra il primo luglio. Continueremo a chiedere attenzione e soluzioni per le nostre infrastrutture, dalle autostrade all&#8217;Aurelia bis, dal raddoppio ferroviario alla situazione Funivie spa&#8221;.<\/p>\n","protected":false},"excerpt":{"rendered":"<p>A inizio luglio il ministro De Micheli aveva anticipato ai sindaci un iter pi\u00f9 diretto, ma al sottosegretario Traversi non risulta ci siano mai state modifiche<\/p>\n","protected":false},"author":10593,"featured_media":0,"comment_status":"open","ping_status":"closed","sticky":false,"template":"","format":"standard","meta":{"footnotes":""},"categories":[45296,34,35],"tags":[1567,54538,11309],"class_list":["post-503352","post","type-post","status-publish","format-standard","hentry","category-copertina","category-cronaca","category-economia","tag-anci","tag-aurelia-bis-savona","tag-comune-di-savona","post_cat_citta-savona","post_tag_personaggi-ilaria-caprioglio"],"amp_validity":null,"amp_enabled":true,"_links":{"self":[{"href":"https:\/\/staging.ivg.it\/ediapi\/wp\/v2\/posts\/503352","targetHints":{"allow":["GET"]}}],"collection":[{"href":"https:\/\/staging.ivg.it\/ediapi\/wp\/v2\/posts"}],"about":[{"href":"https:\/\/staging.ivg.it\/ediapi\/wp\/v2\/types\/post"}],"author":[{"embeddable":true,"href":"https:\/\/staging.ivg.it\/ediapi\/wp\/v2\/users\/10593"}],"replies":[{"embeddable":true,"href":"https:\/\/staging.ivg.it\/ediapi\/wp\/v2\/comments?post=503352"}],"version-history":[{"count":0,"href":"https:\/\/staging.ivg.it\/ediapi\/wp\/v2\/posts\/503352\/revisions"}],"wp:attachment":[{"href":"https:\/\/staging.ivg.it\/ediapi\/wp\/v2\/media?parent=503352"}],"wp:term":[{"taxonomy":"category","embeddable":true,"href":"https:\/\/staging.ivg.it\/ediapi\/wp\/v2\/categories?post=503352"},{"taxonomy":"post_tag","embeddable":true,"href":"https:\/\/staging.ivg.it\/ediapi\/wp\/v2\/tags?post=503352"}],"curies":[{"name":"wp","href":"https:\/\/api.w.org\/{rel}","templated":true}]}}