{"id":503291,"date":"2020-07-29T18:57:53","date_gmt":"2020-07-29T16:57:53","guid":{"rendered":"http:\/\/www.ivg.it\/?p=503291"},"modified":"2020-07-29T18:57:53","modified_gmt":"2020-07-29T16:57:53","slug":"regione-approvato-lassestamento-di-bilancio-2020-2022-toti-piu-di-250-milioni-per-le-famiglie-e-le-imprese-della-liguria","status":"publish","type":"post","link":"https:\/\/staging.ivg.it\/2020\/07\/regione-approvato-lassestamento-di-bilancio-2020-2022-toti-piu-di-250-milioni-per-le-famiglie-e-le-imprese-della-liguria\/","title":{"rendered":"Regione, approvato l&#8217;assestamento di bilancio 2020\/2022. Toti: &#8220;Pi\u00f9 di 250 milioni per le famiglie e le imprese della Liguria&#8221;"},"content":{"rendered":"<p><strong>Regione<\/strong>. Il consiglio regionale ha approvato l&#8217;assestamento al bilancio 2020\/2022.<\/p>\n<p>&#8220;Oltre 250 milioni di fondi concreti che andiamo a impegnare per le famiglie, le imprese, la sanit\u00e0 e il territorio \u2013 commenta il presidente di Regione Liguria Giovanni Toti \u2013 In particolare investiamo con decisione per sostenere e potenziare le imprese e le attivit\u00e0 della Liguria, stanziando su questo fronte oltre 66 milioni di euro. Non ci dimentichiamo ovviamente della sanit\u00e0, a cui destiniamo 70 milioni di euro di cui 46 solo per l&#8217;emergenza Covid&#8221;.<\/p>\n<p>&#8220;Particolare attenzione poi \u2013 aggiunge il presidente \u2013 alle categorie pi\u00f9 in difficolt\u00e0, perch\u00e9 nessuno in Liguria sia lasciato indietro: 20 milioni per i disabili non autosufficienti, 8 milioni per il fondo affitti e 4 milioni sulle politiche sociali. Da non dimenticare poi l&#8217;impegno sul fronte trasporti e viabilit\u00e0: in fase di assestamento infatti sono stati stanziati 15 milioni di euro per nuovi autobus, 41 milioni per investimenti sulle ferrovie e 16 milioni per maggiori servizi sempre in materia di trasporto pubblico, come ad esempio pi\u00f9 corse per autobus e treni, oltre a 14 milioni per investimenti nella viabilit\u00e0 e oltre 3 milioni per la messa in sicurezza degli edifici scolastici&#8221;.<\/p>\n","protected":false},"excerpt":{"rendered":"<p>&#8220;Particolare attenzione alle categorie pi\u00f9 in difficolt\u00e0, perch\u00e9 nessuno in Liguria sia lasciato indietro&#8221;<\/p>\n","protected":false},"author":12120,"featured_media":0,"comment_status":"open","ping_status":"closed","sticky":false,"template":"","format":"standard","meta":{"footnotes":""},"categories":[45296,34],"tags":[295],"class_list":["post-503291","post","type-post","status-publish","format-standard","hentry","category-copertina","category-cronaca","tag-regione","post_tag_personaggi-giovanni-toti"],"amp_validity":null,"amp_enabled":true,"_links":{"self":[{"href":"https:\/\/staging.ivg.it\/ediapi\/wp\/v2\/posts\/503291","targetHints":{"allow":["GET"]}}],"collection":[{"href":"https:\/\/staging.ivg.it\/ediapi\/wp\/v2\/posts"}],"about":[{"href":"https:\/\/staging.ivg.it\/ediapi\/wp\/v2\/types\/post"}],"author":[{"embeddable":true,"href":"https:\/\/staging.ivg.it\/ediapi\/wp\/v2\/users\/12120"}],"replies":[{"embeddable":true,"href":"https:\/\/staging.ivg.it\/ediapi\/wp\/v2\/comments?post=503291"}],"version-history":[{"count":0,"href":"https:\/\/staging.ivg.it\/ediapi\/wp\/v2\/posts\/503291\/revisions"}],"wp:attachment":[{"href":"https:\/\/staging.ivg.it\/ediapi\/wp\/v2\/media?parent=503291"}],"wp:term":[{"taxonomy":"category","embeddable":true,"href":"https:\/\/staging.ivg.it\/ediapi\/wp\/v2\/categories?post=503291"},{"taxonomy":"post_tag","embeddable":true,"href":"https:\/\/staging.ivg.it\/ediapi\/wp\/v2\/tags?post=503291"}],"curies":[{"name":"wp","href":"https:\/\/api.w.org\/{rel}","templated":true}]}}