{"id":503093,"date":"2020-07-28T11:35:20","date_gmt":"2020-07-28T09:35:20","guid":{"rendered":"http:\/\/www.ivg.it\/?p=503093"},"modified":"2020-07-28T11:35:20","modified_gmt":"2020-07-28T09:35:20","slug":"confagricoltura-lalbenganese-luca-de-michelis-rieletto-presidente-regionale","status":"publish","type":"post","link":"https:\/\/staging.ivg.it\/2020\/07\/confagricoltura-lalbenganese-luca-de-michelis-rieletto-presidente-regionale\/","title":{"rendered":"Confagricoltura, l&#8217;albenganese Luca De Michelis rieletto presidente regionale"},"content":{"rendered":"<p><strong>Genova.<\/strong> Con voto unanime l&#8217;assemblea dei delegati di Confagricoltura Liguria, tenutasi ieri, ha rieletto Luca De Michelis alla presidenza di Confagricoltura Liguria per il triennio 2020 &#8211; 2023.<\/p>\n<p>De Michelis, 53 anni, sposato e con un figlio, \u00e8 dottore in Agraria e imprenditore agricolo della Piana di Albenga, dove conduce un&#8217;azienda di un ettaro a produzione monovarietale di dipladenia, gi\u00e0 presidente di Confagricoltura Savona, presidente del Distretto florovivaistico ligure e vicepresidente della FNP &#8220;Florovivaismo&#8221; di Confagricoltura.<\/p>\n<p>Alla vicepresidenza sono stati eletti Gian Guido Ghione, presidente di Confagricoltura Imperia, Enrico Noberini, presidente di Confagricoltura Genova e Filippo Zangani, presidente di Confagricoltura La Spezia.<\/p>\n<p>Impegni chiari quelli del rieletto presidente, che nel discorso di insediamento ha ribadito la necessit\u00e0 di &#8220;un ruolo primario di Confagricoltura nella pianificazione territoriale, dove troppo spesso alle imprese agricole vengono &#8216;sottratti&#8217; i terreni migliori e destinate aree marginali dove \u00e8 difficile poter produrre con le innovative tecniche per stare al passo con i competitor stranieri&#8221;.<\/p>\n<p>&#8220;Abbiamo bisogno di qualit\u00e0 nell&#8217;agroalimentare e difesa di queste nostre tipicit\u00e0, non dimenticando che una &#8216;protezione&#8217; va pensata anche per le piante aromatiche, laddove siamo incontrastati leader europei e laddove occorre una denominazione protetta per valorizzare questa nostra eccellenza&#8221;, ha sottolineato.<\/p>\n<p>Non sono mancati, nel discorso di insediamento, i riferimenti alla mobilit\u00e0 e alla logistica, con chiaro riferimento &#8220;alla insostenibile situazione creatasi sulle autostrade liguri, frutto di pianificazione degli interventi illogica da parte di chi, pubblico e concessionario, ha ruoli chiari nella gestione di una rete strategica per tutta l&#8217;Italia &#8211; ha proseguito De Michelis &#8211; Basti pensare che dal porto di Genova parte l&#8217;80% dell&#8217;agroalimentare italiano esportato nel mondo via nave&#8221;.<\/p>\n<p>Chiaro anche il connubio territorio \u2013 prodotti \u2013 turismo, laddove: secondo De Michelis &#8220;occorre &#8216;sfruttare&#8217; al meglio il veicolo dell&#8217;agriturismo come volano per l&#8217;intero comparto anche ricettivo \u2013 turistico&#8221;. Infine un accenno molto &#8220;duro&#8221; alle problematiche sull&#8217;attuazione del Piano di Sviluppo Rurale, per cui Confagricoltura Liguria intende &#8220;marcare&#8221; stretto i vari attori che saranno chiamati a redigere il nuovo Piano, partendo dalle troppe inefficienze e inadeguatezze dell&#8217;attuale PSR, che ha poco aiutato le aziende che investono in innovazione di prodotto e di processo.<\/p>\n","protected":false},"excerpt":{"rendered":"<p>&#8220;C&#8217;\u00e8 bisogno di qualit\u00e0, difesa delle tipicit\u00e0 e protezione per le piante aromatiche&#8221;<\/p>\n","protected":false},"author":11510,"featured_media":0,"comment_status":"open","ping_status":"closed","sticky":false,"template":"","format":"standard","meta":{"footnotes":""},"categories":[35],"tags":[19882,86425],"class_list":["post-503093","post","type-post","status-publish","format-standard","hentry","category-economia","tag-confagricoltura-liguria","tag-confagricoltura-savona","post_tag_personaggi-luca-de-michelis"],"amp_validity":null,"amp_enabled":true,"_links":{"self":[{"href":"https:\/\/staging.ivg.it\/ediapi\/wp\/v2\/posts\/503093","targetHints":{"allow":["GET"]}}],"collection":[{"href":"https:\/\/staging.ivg.it\/ediapi\/wp\/v2\/posts"}],"about":[{"href":"https:\/\/staging.ivg.it\/ediapi\/wp\/v2\/types\/post"}],"author":[{"embeddable":true,"href":"https:\/\/staging.ivg.it\/ediapi\/wp\/v2\/users\/11510"}],"replies":[{"embeddable":true,"href":"https:\/\/staging.ivg.it\/ediapi\/wp\/v2\/comments?post=503093"}],"version-history":[{"count":0,"href":"https:\/\/staging.ivg.it\/ediapi\/wp\/v2\/posts\/503093\/revisions"}],"wp:attachment":[{"href":"https:\/\/staging.ivg.it\/ediapi\/wp\/v2\/media?parent=503093"}],"wp:term":[{"taxonomy":"category","embeddable":true,"href":"https:\/\/staging.ivg.it\/ediapi\/wp\/v2\/categories?post=503093"},{"taxonomy":"post_tag","embeddable":true,"href":"https:\/\/staging.ivg.it\/ediapi\/wp\/v2\/tags?post=503093"}],"curies":[{"name":"wp","href":"https:\/\/api.w.org\/{rel}","templated":true}]}}