{"id":502978,"date":"2020-07-27T12:58:34","date_gmt":"2020-07-27T10:58:34","guid":{"rendered":"http:\/\/www.ivg.it\/?p=502978"},"modified":"2020-07-27T12:59:11","modified_gmt":"2020-07-27T10:59:11","slug":"scuole-dellinfanzia-e-nidi-cgil-liguria-lancia-una-campagna-per-ripartire-in-sicurezza","status":"publish","type":"post","link":"https:\/\/staging.ivg.it\/2020\/07\/scuole-dellinfanzia-e-nidi-cgil-liguria-lancia-una-campagna-per-ripartire-in-sicurezza\/","title":{"rendered":"Scuole dell&#8217;infanzia e nidi, Cgil Liguria lancia una campagna per ripartire in sicurezza"},"content":{"rendered":"<p><strong>Genova.<\/strong> La Fp Cgil ha organizzato due giorni di iniziative a livello nazionale il 23 e 24 luglio dedicata ai lavoratori pubblici e privati del sistema educativo da zero a 6 anni. In Liguria l&#8217;iniziativa &#8220;Non uno di meno&#8221; ha lo scopo di chiedere la ripartenza dell&#8217;anno scolastico in sicurezza per tutti i bambini e le bambine e dar voce a tutti gli educatori, insegnanti e il personale delle scuole che a sostegno di queste rivendicazioni sindacali ci &#8220;hanno messo la faccia&#8221;.<\/p>\n<p>&#8220;La chiusura dei nidi e delle scuole dell&#8217;infanzia a seguito dell&#8217;epidemia Covid-19 \u00e8 stata una misura necessaria per frenare la curva del contagio ma ha avuto risvolti problematici sul versante della continuit\u00e0 del progetto pedagogico, in particolare per i soggetti pi\u00f9 deboli, per i quali si \u00e8 aggravata la condizione di povert\u00e0 educativa &#8211; dichiara il sindacato &#8211; La chiusura ha inoltre generato riduzioni di reddito e ricadute occupazionali sulle lavoratrici e i lavoratori dei settori privati della categoria impiegati in quei settori&#8221;.<\/p>\n<p>&#8220;Oggi pi\u00f9 di ieri \u00e8 necessario che i servizi educativi siano una priorit\u00e0 della politica in termini progettuali e di investimenti &#8211; prosegue &#8211; Alla ripresa delle attivit\u00e0 dovremo convivere con un virus di cui si sa pochissimo: gli effetti sui pi\u00f9 piccoli sono ben poco conosciuti e questo impone la massima tutela nei loro confronti. Servono quindi procedure condivise con esperti e autorit\u00e0 sanitarie a livello nazionale, serve un protocollo nazionale&#8221;.<\/p>\n<p>Per tutto ci\u00f2 Fp Cgil Genova e Liguria chiedono:<\/p>\n<p>\u00b7 la ricognizione e messa a norma del fabbisogno immobiliare: la Regione deve coordinare e mettere a disposizione fondi aggiuntivi a quelli stanziati dal Governo per consentire la frequenza al maggior numero di alunni possibile, compatibilmente con i vincoli che saranno posti dal Governo;<\/p>\n<p>\u00b7 la ricostruzione della filiera del sistema 0\/6: i Comuni devono assumere il personale necessario (anche di sostegno) per garantire un&#8217;offerta adeguata di posti alle bambine e ai bambini nel rispetto dei rapporti educativi, sia per il corretto svolgimento dell&#8217;orario scolastico che delle attivit\u00e0 extrascolastiche;<\/p>\n<p>\u00b7 l&#8217;attuazione di procedure di sorveglianza sanitaria: \u00e8 necessario garantire l&#8217;impiego dei medici scolastici, infermieri ed assistenti sanitari (anche sotto forma di gruppi di assistenza territoriale) almeno per tutto l&#8217;anno scolastico;<\/p>\n<p>\u00b7 la progettazione dei fondi dedicati: sostenere la didattica a vantaggio di bambine bambini a rischio esclusione e povert\u00e0 educativa favorendo, in particolare, le opportunit\u00e0 per i nuclei familiari fragili.<\/p>\n","protected":false},"excerpt":{"rendered":"<p>&#8220;Servono procedure condivise con esperti e autorit\u00e0 e un protocollo nazionale&#8221;<\/p>\n","protected":false},"author":11510,"featured_media":0,"comment_status":"open","ping_status":"closed","sticky":false,"template":"","format":"standard","meta":{"footnotes":""},"categories":[56,31],"tags":[108300,112544,91600],"class_list":["post-502978","post","type-post","status-publish","format-standard","hentry","category-altre","category-politica","tag-fp-cgil-liguria","tag-riapertura-scuole","tag-scuole-dellinfanzia","post_cat_citta-genova"],"amp_validity":null,"amp_enabled":true,"_links":{"self":[{"href":"https:\/\/staging.ivg.it\/ediapi\/wp\/v2\/posts\/502978","targetHints":{"allow":["GET"]}}],"collection":[{"href":"https:\/\/staging.ivg.it\/ediapi\/wp\/v2\/posts"}],"about":[{"href":"https:\/\/staging.ivg.it\/ediapi\/wp\/v2\/types\/post"}],"author":[{"embeddable":true,"href":"https:\/\/staging.ivg.it\/ediapi\/wp\/v2\/users\/11510"}],"replies":[{"embeddable":true,"href":"https:\/\/staging.ivg.it\/ediapi\/wp\/v2\/comments?post=502978"}],"version-history":[{"count":0,"href":"https:\/\/staging.ivg.it\/ediapi\/wp\/v2\/posts\/502978\/revisions"}],"wp:attachment":[{"href":"https:\/\/staging.ivg.it\/ediapi\/wp\/v2\/media?parent=502978"}],"wp:term":[{"taxonomy":"category","embeddable":true,"href":"https:\/\/staging.ivg.it\/ediapi\/wp\/v2\/categories?post=502978"},{"taxonomy":"post_tag","embeddable":true,"href":"https:\/\/staging.ivg.it\/ediapi\/wp\/v2\/tags?post=502978"}],"curies":[{"name":"wp","href":"https:\/\/api.w.org\/{rel}","templated":true}]}}