{"id":502863,"date":"2020-07-25T16:44:33","date_gmt":"2020-07-25T14:44:33","guid":{"rendered":"http:\/\/www.ivg.it\/?p=502863"},"modified":"2020-07-25T16:44:33","modified_gmt":"2020-07-25T14:44:33","slug":"danni-e-furti-nelle-spiagge-a-bergeggi-i-gestori-ci-rivolgeremo-alla-procura-per-far-chiudere-la-kava","status":"publish","type":"post","link":"https:\/\/staging.ivg.it\/2020\/07\/danni-e-furti-nelle-spiagge-a-bergeggi-i-gestori-ci-rivolgeremo-alla-procura-per-far-chiudere-la-kava\/","title":{"rendered":"Danni e furti nelle spiagge a Bergeggi, i gestori: \u201cCi rivolgeremo alla Procura per far chiudere La Kava\u201d"},"content":{"rendered":"<p><strong>Bergeggi<\/strong>. \u201cSono anni che le cose vanno avanti in questo modo. Ora, per\u00f2, \u00e8 venuto il momento di dire basta: non ne possiamo pi\u00f9\u201d. Hanno deciso di rivolgersi alla Procura della Repubblica, al sindaco e anche di organizzare una petizione \u201cper far chiudere il locale\u201d i gestori degli stabilimenti balneari che si trovano nelle vicinanze de \u201cLa Kava\u201d di Bergeggi e che questa notte sarebbero stati vittime di un vero e proprio raid vandalico.<\/p>\n<p>Nonostante i divieti di balneazione e di accesso alle spiagge a causa dell&#8217;emergenza Covid-19, questa notte diverse persone sono riuscite a penetrare nei lidi mettendone a soqquadro l&#8217;interno e l&#8217;esterno.<\/p>\n<p>A stilare l&#8217;elenco dei danni subiti sono gli stessi gestori: \u201cNei bagni Caletta Beach hanno sradicato gli ombrelloni, sparpagliato le sdraio e gettato in mare i remi del moscone. Hanno cercato di forzare la serratura del locale, per fortuna senza riuscirci. Poi si sono spostati agli Stella Maris. Qui sono riusciti ad entrare nella cucina: oltre a mangiare diversi gelati, hanno portato via bottiglie di alcolici ed alte cose. Altri danni sono stati fatti ai Mare Sport\u201d.<\/p>\n<p>Tutto questo nonostante \u201ctutte le spiagge abbiano vigilantes. Sono riusciti ad entrare e far danni a dispetto del personale della sicurezza\u201d.<\/p>\n<p>Secondo i balneari, gli autori del raid andrebbero individuati nei ragazzi che lasciano la discoteca a tarda notte (o nelle prime ore del mattino, a seconda della prospettiva). Spiegano: \u201cEvidentemente l&#8217;organizzazione non riesce a gestire questo problema. Ed i risultati sono questi. Sono anni che il problema si ripresenta puntualmente ogni estate. Ci siamo rivolti gi\u00e0 diverse volte al Comune, ma senza fortuna. E&#8217; venuto il momento che l&#8217;amministrazione si assuma le proprie responsabilit\u00e0\u201d.<\/p>\n","protected":false},"excerpt":{"rendered":"<p>&#8220;Sono anni che le cose vanno avanti in questo modo. Ora, per\u00f2, \u00e8 venuto il momento di dire basta: non ne possiamo pi\u00f9&#8221;<\/p>\n","protected":false},"author":12120,"featured_media":0,"comment_status":"open","ping_status":"closed","sticky":false,"template":"","format":"standard","meta":{"footnotes":""},"categories":[45296,34],"tags":[68419],"class_list":["post-502863","post","type-post","status-publish","format-standard","hentry","category-copertina","category-cronaca","tag-la-kava","post_cat_citta-bergeggi"],"amp_validity":null,"amp_enabled":true,"_links":{"self":[{"href":"https:\/\/staging.ivg.it\/ediapi\/wp\/v2\/posts\/502863","targetHints":{"allow":["GET"]}}],"collection":[{"href":"https:\/\/staging.ivg.it\/ediapi\/wp\/v2\/posts"}],"about":[{"href":"https:\/\/staging.ivg.it\/ediapi\/wp\/v2\/types\/post"}],"author":[{"embeddable":true,"href":"https:\/\/staging.ivg.it\/ediapi\/wp\/v2\/users\/12120"}],"replies":[{"embeddable":true,"href":"https:\/\/staging.ivg.it\/ediapi\/wp\/v2\/comments?post=502863"}],"version-history":[{"count":0,"href":"https:\/\/staging.ivg.it\/ediapi\/wp\/v2\/posts\/502863\/revisions"}],"wp:attachment":[{"href":"https:\/\/staging.ivg.it\/ediapi\/wp\/v2\/media?parent=502863"}],"wp:term":[{"taxonomy":"category","embeddable":true,"href":"https:\/\/staging.ivg.it\/ediapi\/wp\/v2\/categories?post=502863"},{"taxonomy":"post_tag","embeddable":true,"href":"https:\/\/staging.ivg.it\/ediapi\/wp\/v2\/tags?post=502863"}],"curies":[{"name":"wp","href":"https:\/\/api.w.org\/{rel}","templated":true}]}}