{"id":502711,"date":"2020-07-23T17:34:36","date_gmt":"2020-07-23T15:34:36","guid":{"rendered":"http:\/\/www.ivg.it\/?p=502711"},"modified":"2020-07-23T17:38:36","modified_gmt":"2020-07-23T15:38:36","slug":"cairese-accordo-raggiunto-con-emanuele-boveri","status":"publish","type":"post","link":"https:\/\/staging.ivg.it\/2020\/07\/cairese-accordo-raggiunto-con-emanuele-boveri\/","title":{"rendered":"Cairese, accordo raggiunto con Emanuele Boveri"},"content":{"rendered":"<p><strong>Cairo Montenotte.<\/strong> La <strong>Cairese<\/strong> comunica di aver raggiunto l\u2019accordo con <strong>Emanuele Boveri<\/strong>. Pur trattandosi di un<strong> classe 1998<\/strong>, Boveri pu\u00f2 vantare esperienze importanti con le casacche di <strong>Albissola,<\/strong> sodalizio con il quale ha centrato la doppia promozione dall\u2019Eccellenza alla Serie C, <strong>Ligorna, Savona, Albese e Corneliano Roero<\/strong>. Da qualche stagione nel mirino del direttore sportivo Giribone, <strong>Boveri ha militato nel settore giovanile giallobl\u00f9 per due stagioni.<\/strong> Pu\u00f2 giocare <strong>difensore centrale<\/strong>, ruolo che predilige, ma anche terzino.<\/p>\n<p>Nell&#8217;intervista realizzata dall\u2019addetto stampa Daniele Siri, Boveri dichiara: &#8220;<strong>Sono tre o quattro estati che ci sentiamo e quest&#8217;anno abbiamo trovato la quadra.<\/strong> Ho cominciato a Savona da piccolo, poi sono stato due anni qua a Cairo, sei\/sette anni fa. Poi ho giocato ad Albissola in Eccellenza, dove abbiamo vinto il campionato. Quindi sono andato met\u00e0 anno al Ligorna in Serie D, poi sono ritornato ad Albissola e abbiamo vinto anche la Serie D. L&#8217;anno successivo sono stato a Savona, all&#8217;Albese e l&#8217;anno scorso al Corneliano Roero in Piemonte&#8221;.<\/p>\n<p>&#8220;<strong>Sono pi\u00f9 centrale di difesa<\/strong> &#8211; spiega Boveri -. Tra Liguria e Piemonte ho trovato due campionati un po&#8217; diversi ma tutti e due molto competitivi; quello piemontese \u00e8 pi\u00f9 agonistico. Sicuramente sar\u00e0 un campionato difficile, perch\u00e9 non \u00e8 mai semplice riprendere dopo una sosta cos\u00ec grande di sei\/sette mesi, e perch\u00e9 ci sono molte squadre molto competitive ma noi faremo del nostro meglio per essere tra queste. Personalmente <strong>mi aspetto una stagione molto positiva, di dare il mio contributo a questa squadra, ai tanti ragazzi giovani che ci sono e di aiutare la Cairese a fare il meglio possibile<\/strong>&#8220;.<\/p>\n","protected":false},"excerpt":{"rendered":"<p>Un difensore con trascorsi in Serie D per i giallobl\u00f9<\/p>\n","protected":false},"author":18,"featured_media":0,"comment_status":"open","ping_status":"closed","sticky":false,"template":"","format":"standard","meta":{"footnotes":""},"categories":[45296,182,32],"tags":[92941,85989,569],"class_list":["post-502711","post","type-post","status-publish","format-standard","hentry","category-copertina","category-calcio","category-sport","tag-asd-cairese-1919","tag-calcio","tag-eccellenza","post_cat_citta-cairo-montenotte","post_tag_personaggi-emanuele-boveri"],"amp_validity":null,"amp_enabled":true,"_links":{"self":[{"href":"https:\/\/staging.ivg.it\/ediapi\/wp\/v2\/posts\/502711","targetHints":{"allow":["GET"]}}],"collection":[{"href":"https:\/\/staging.ivg.it\/ediapi\/wp\/v2\/posts"}],"about":[{"href":"https:\/\/staging.ivg.it\/ediapi\/wp\/v2\/types\/post"}],"author":[{"embeddable":true,"href":"https:\/\/staging.ivg.it\/ediapi\/wp\/v2\/users\/18"}],"replies":[{"embeddable":true,"href":"https:\/\/staging.ivg.it\/ediapi\/wp\/v2\/comments?post=502711"}],"version-history":[{"count":0,"href":"https:\/\/staging.ivg.it\/ediapi\/wp\/v2\/posts\/502711\/revisions"}],"wp:attachment":[{"href":"https:\/\/staging.ivg.it\/ediapi\/wp\/v2\/media?parent=502711"}],"wp:term":[{"taxonomy":"category","embeddable":true,"href":"https:\/\/staging.ivg.it\/ediapi\/wp\/v2\/categories?post=502711"},{"taxonomy":"post_tag","embeddable":true,"href":"https:\/\/staging.ivg.it\/ediapi\/wp\/v2\/tags?post=502711"}],"curies":[{"name":"wp","href":"https:\/\/api.w.org\/{rel}","templated":true}]}}