{"id":502709,"date":"2020-07-23T17:39:27","date_gmt":"2020-07-23T15:39:27","guid":{"rendered":"http:\/\/www.ivg.it\/?p=502709"},"modified":"2020-07-23T17:39:27","modified_gmt":"2020-07-23T15:39:27","slug":"caso-aliquote-imu-tasi-lega-savona-chi-ha-sbagliato-deve-pagare-servono-professionalita-e-responsabilita","status":"publish","type":"post","link":"https:\/\/staging.ivg.it\/2020\/07\/caso-aliquote-imu-tasi-lega-savona-chi-ha-sbagliato-deve-pagare-servono-professionalita-e-responsabilita\/","title":{"rendered":"Caso aliquote Imu-Tasi, Lega Savona: &#8220;Chi ha sbagliato deve pagare, servono professionalit\u00e0 e responsabilit\u00e0&#8221;"},"content":{"rendered":"<p><strong>Savona.<\/strong> &#8220;Apprendiamo con sconforto gli accadimenti relativi alla denuncia al Tribunale amministrativo regionale del Comune per presunti errori nel calcolo dell&#8217;Imu richiesta ad alcuni contribuenti&#8221;. Si esprime cos\u00ec la segreteria cittadina della Lega in merito alla vicenda per cui il Ministero dell&#8217;Economia ha presentato ricorso al Tar della Liguria per le aliquote dell&#8217;Imu &#8211; Tasi che risulterebbero maggiorate da cinque anni senza corretta comunicazione allo stesso ministero.<\/p>\n<p>&#8220;Come forza politica non possiamo che affermare alcuni principi e valori da cui riteniamo fermamente non si possa derogare &#8211; continua la segreteria locale del partito &#8211; I cittadini devono pagare il giusto in base alle norme vigenti e la legge deve essere rispettata da tutti, a partire proprio dalle istituzioni che ne sono fonte ed espressione. Chi eventualmente ha sbagliato deve pagare: competenza e professionalit\u00e0 non possono mancare all&#8217;appello insieme ad un altro sacrosanto principio, quello della responsabilit\u00e0&#8221;.<\/p>\n<p>&#8220;Su questi principi abbiamo investito per una politica che non sia solo coerente con se stessa ma anche e soprattutto di rispetto nei confronti dei nostri concittadini &#8211; prosegue la rappresentanza cittadina del Carroccio &#8211; Una giusta attenzione \u00e8 comunque dovuta in quanto si tratta di materia su cui il Comune andr\u00e0 a gestire un contenzioso il cui esito non \u00e8 ancora scritto&#8221;.<\/p>\n<p>&#8220;Stridono invece alcune polemiche che purtroppo, come ormai siamo abituati, rifiutano di affrontare i problemi con la seriet\u00e0 e il realismo che meritano &#8211; dichiarano ancora i leghisti savonesi &#8211; Con sollievo scopriamo che questa volta almeno le scie chimiche sono innocenti. Il tema centrale su cui dovremo concentrarci sar\u00e0 come affrontare la criticit\u00e0 di un&#8217;eventuale soccombenza al fine di preservare i cittadini da aggravi e affinch\u00e9 coloro che hanno versato in eccesso possano vedere ristornato quanto maggiormente pagato. Saremo sicuramente pronta e propositiva in questa direzione&#8221;.<\/p>\n","protected":false},"excerpt":{"rendered":"<p>&#8220;I cittadini devono pagare il giusto e la legge sia rispettata da tutti&#8221;<\/p>\n","protected":false},"author":11510,"featured_media":0,"comment_status":"open","ping_status":"closed","sticky":false,"template":"","format":"standard","meta":{"footnotes":""},"categories":[31],"tags":[37590,106280,52234],"class_list":["post-502709","post","type-post","status-publish","format-standard","hentry","category-politica","tag-imu","tag-lega-savona","tag-tasi","post_cat_citta-savona"],"amp_validity":null,"amp_enabled":true,"_links":{"self":[{"href":"https:\/\/staging.ivg.it\/ediapi\/wp\/v2\/posts\/502709","targetHints":{"allow":["GET"]}}],"collection":[{"href":"https:\/\/staging.ivg.it\/ediapi\/wp\/v2\/posts"}],"about":[{"href":"https:\/\/staging.ivg.it\/ediapi\/wp\/v2\/types\/post"}],"author":[{"embeddable":true,"href":"https:\/\/staging.ivg.it\/ediapi\/wp\/v2\/users\/11510"}],"replies":[{"embeddable":true,"href":"https:\/\/staging.ivg.it\/ediapi\/wp\/v2\/comments?post=502709"}],"version-history":[{"count":0,"href":"https:\/\/staging.ivg.it\/ediapi\/wp\/v2\/posts\/502709\/revisions"}],"wp:attachment":[{"href":"https:\/\/staging.ivg.it\/ediapi\/wp\/v2\/media?parent=502709"}],"wp:term":[{"taxonomy":"category","embeddable":true,"href":"https:\/\/staging.ivg.it\/ediapi\/wp\/v2\/categories?post=502709"},{"taxonomy":"post_tag","embeddable":true,"href":"https:\/\/staging.ivg.it\/ediapi\/wp\/v2\/tags?post=502709"}],"curies":[{"name":"wp","href":"https:\/\/api.w.org\/{rel}","templated":true}]}}