{"id":502555,"date":"2020-07-22T12:56:39","date_gmt":"2020-07-22T10:56:39","guid":{"rendered":"http:\/\/www.ivg.it\/?p=502555"},"modified":"2020-07-22T13:15:54","modified_gmt":"2020-07-22T11:15:54","slug":"emergenze-nuova-colonna-mobile-regionale-investimento-da-3-mln-di-euro","status":"publish","type":"post","link":"https:\/\/staging.ivg.it\/2020\/07\/emergenze-nuova-colonna-mobile-regionale-investimento-da-3-mln-di-euro\/","title":{"rendered":"Emergenze, nuova colonna mobile regionale: investimento da 3 mln di euro"},"content":{"rendered":"<p><strong>Liguria.<\/strong> &#8220;Ecco il nuovo mezzo dedicato al 118 per le grandi emergenze che abbiamo acquistato per la colonna mobile regionale, che stiamo completamente rinnovando grazie a un investimento di 3 milioni&#8221;. <\/p>\n<p>L&#8217;annuncio arriva dal presidente della Regione Liguria Giovanni Toti. <\/p>\n<p>&#8220;Dopo anni di totale inerzia che hanno portato dolore e lutti alla Liguria, siamo ripartiti dalla sicurezza, trasformando profondamente la Protezione Civile regionale, che \u00e8 diventata un modello a livello nazionale nella gestione delle emergenze, e finanziando oltre 200 interventi contro il dissesto idrogeologico, primo tra tutti lo scolmatore del Bisagno, il pi\u00f9 grande cantiere contro il rischio alluvioni d\u2019Italia&#8221;. <\/p>\n<p>&#8220;Abbiamo iniziato un percorso che nessuno negli ultimi anni era stato in grado di avviare, perch\u00e9 la sicurezza dei liguri per noi viene al primo posto e questo \u00e8 il modo migliore per dimostrarlo: lavorando ogni giorno per restituirvi una Liguria pi\u00f9 sicura e portando a casa risultati concreti!&#8221; conclude Toti.<\/p>\n<p>I mezzi della nuova colonna mobile finanziata da Regione Liguria erano stati presentati in occasione della festa della protezione civile dell&#8217;ottobre scorso, alla presenza del  capo del dipartimento nazionale della Protezione Civile Angelo Borrelli. <div class=\"single-img-content-container fullwidth-single shortcode standard\">\n    <div class=\"image_container\" style=\"text-align: center;\">\n        <picture class=\" lazyload\"><img loading=\"lazy\" class=\"lazy\" data-srcset=\"https:\/\/www.ivg.it\/photogallery_new\/images\/2020\/07\/busalla-636168.jpg 1024w, https:\/\/www.ivg.it\/photogallery_new\/images\/2020\/07\/busalla-636168.jpg 970w, https:\/\/www.ivg.it\/photogallery_new\/images\/2020\/07\/busalla-636168.jpg 660w, https:\/\/www.ivg.it\/photogallery_new\/images\/2020\/07\/busalla-636168.jpg 316w, https:\/\/www.ivg.it\/photogallery_new\/images\/2020\/07\/busalla-636168.jpg 150w\"  data-src=\"https:\/\/www.ivg.it\/photogallery_new\/images\/2020\/07\/busalla-636168.jpg\" alt=\"busalla\" \/><\/picture>\r\n\n    <\/div>\n    <\/div>\n<\/p>\n<p>La Liguria, inoltre, prosegue nel progetto innovativo sul sistema di comunicazioni in caso di emergenze, per raggiungere i cittadini delle zone a rischio nel momento di un\u2019allerta. Regione Liguria \u00e8 capofila a livello nazionale della nuova piattaforma.<\/p>\n<p>L&#8217;obiettivo \u00e8 quello di rafforzare il presidio del territorio nelle situazioni di rischio e migliorare la capacit\u00e0 di previsione, oltre ai necessari interventi infrastrutturali di messa in sicurezza avviati per mitigare il rischio idrogeologico.<\/p>\n","protected":false},"excerpt":{"rendered":"<p>L&#8217;annuncio del governatore ligure Giovanni Toti per la presentazione del nuovo mezzo<\/p>\n","protected":false},"author":4,"featured_media":0,"comment_status":"open","ping_status":"closed","sticky":false,"template":"","format":"standard","meta":{"footnotes":""},"categories":[45296,34,35,31],"tags":[3655,75165,295],"class_list":["post-502555","post","type-post","status-publish","format-standard","hentry","category-copertina","category-cronaca","category-economia","category-politica","tag-emergenze","tag-protezione-civile-regionale","tag-regione","post_tag_personaggi-giovanni-toti"],"amp_validity":null,"amp_enabled":true,"_links":{"self":[{"href":"https:\/\/staging.ivg.it\/ediapi\/wp\/v2\/posts\/502555","targetHints":{"allow":["GET"]}}],"collection":[{"href":"https:\/\/staging.ivg.it\/ediapi\/wp\/v2\/posts"}],"about":[{"href":"https:\/\/staging.ivg.it\/ediapi\/wp\/v2\/types\/post"}],"author":[{"embeddable":true,"href":"https:\/\/staging.ivg.it\/ediapi\/wp\/v2\/users\/4"}],"replies":[{"embeddable":true,"href":"https:\/\/staging.ivg.it\/ediapi\/wp\/v2\/comments?post=502555"}],"version-history":[{"count":0,"href":"https:\/\/staging.ivg.it\/ediapi\/wp\/v2\/posts\/502555\/revisions"}],"wp:attachment":[{"href":"https:\/\/staging.ivg.it\/ediapi\/wp\/v2\/media?parent=502555"}],"wp:term":[{"taxonomy":"category","embeddable":true,"href":"https:\/\/staging.ivg.it\/ediapi\/wp\/v2\/categories?post=502555"},{"taxonomy":"post_tag","embeddable":true,"href":"https:\/\/staging.ivg.it\/ediapi\/wp\/v2\/tags?post=502555"}],"curies":[{"name":"wp","href":"https:\/\/api.w.org\/{rel}","templated":true}]}}