{"id":50211,"date":"2009-02-16T09:14:18","date_gmt":"2009-02-16T08:14:18","guid":{"rendered":"http:\/\/www.ivg.it\/2009\/02\/16\/albenga-addio-ad-arangelo-scarlata\/"},"modified":"2009-02-16T11:02:20","modified_gmt":"2009-02-16T10:02:20","slug":"albenga-addio-ad-arangelo-scarlata","status":"publish","type":"post","link":"https:\/\/staging.ivg.it\/2009\/02\/albenga-addio-ad-arangelo-scarlata\/","title":{"rendered":"Albenga, addio ad Arangelo Scarlata"},"content":{"rendered":"<p><strong>[thumb:10648:l]Albenga<\/strong>. Si svolgono questa mattina, luned\u00ec 16 febbraio, alle ore 10, presso la cattedrale di San Michele ad Albenga, i funerali di Arcangelo Scarlata. Era stato il primo immigrato meridionale ad essere eletto nel consiglio comunale ingauno, nel 1960. Nel 2006 aveva raccolto le sue memorie nel libro &#8220;Terra e guerra&#8221;, vero e proprio esperimento letterario, a cura del giornalista Angelo Fresia.<\/p>\n<p>Nel volume, la storia dell&#8217;emigrazione da Villalba (Caltanissetta) ad Albenga, sul filo dei ricordi: le vessazioni dei contadini, il secondo conflitto mondiale, l&#8217;immigrazione e la comunit\u00e0 dei villalbesi, il lavoro nella Piana albenganese come agricoltore, poi il mestiere di grigliatore di sabbia nel Centa e muratore, quindi l&#8217;impegno politico nelle fila del Partito Comunista.<\/p>\n<p>Scarlata, per gli amici &#8220;Arc\u00e0&#8221;, \u00e8 deceduto all&#8217;et\u00e0 di 89 anni per una grave forma di insufficienza respiratoria che lo tormentava da tempo. Lascia la moglie Concetta, il figlio Dino, i nipoti Angelo e Lara.<\/p>\n","protected":false},"excerpt":{"rendered":"<p>[thumb:10648:l]Albenga. Si svolgono questa mattina, luned\u00ec 16 febbraio, alle ore 10, presso la cattedrale di San Michele ad Albenga, i funerali di Arcangelo Scarlata. Era stato il primo immigrato meridionale ad essere eletto nel consiglio comunale ingauno, nel 1960. Nel 2006 aveva raccolto le sue memorie nel libro &#8220;Terra e guerra&#8221;, vero e proprio esperimento [&hellip;]<\/p>\n","protected":false},"author":5,"featured_media":0,"comment_status":"open","ping_status":"closed","sticky":false,"template":"","format":"standard","meta":{"footnotes":""},"categories":[34,31],"tags":[1382,1220],"class_list":["post-50211","post","type-post","status-publish","format-standard","hentry","category-cronaca","category-politica","tag-funerali","tag-lutto","post_cat_citta-albenga"],"amp_validity":null,"amp_enabled":true,"_links":{"self":[{"href":"https:\/\/staging.ivg.it\/ediapi\/wp\/v2\/posts\/50211","targetHints":{"allow":["GET"]}}],"collection":[{"href":"https:\/\/staging.ivg.it\/ediapi\/wp\/v2\/posts"}],"about":[{"href":"https:\/\/staging.ivg.it\/ediapi\/wp\/v2\/types\/post"}],"author":[{"embeddable":true,"href":"https:\/\/staging.ivg.it\/ediapi\/wp\/v2\/users\/5"}],"replies":[{"embeddable":true,"href":"https:\/\/staging.ivg.it\/ediapi\/wp\/v2\/comments?post=50211"}],"version-history":[{"count":0,"href":"https:\/\/staging.ivg.it\/ediapi\/wp\/v2\/posts\/50211\/revisions"}],"wp:attachment":[{"href":"https:\/\/staging.ivg.it\/ediapi\/wp\/v2\/media?parent=50211"}],"wp:term":[{"taxonomy":"category","embeddable":true,"href":"https:\/\/staging.ivg.it\/ediapi\/wp\/v2\/categories?post=50211"},{"taxonomy":"post_tag","embeddable":true,"href":"https:\/\/staging.ivg.it\/ediapi\/wp\/v2\/tags?post=50211"}],"curies":[{"name":"wp","href":"https:\/\/api.w.org\/{rel}","templated":true}]}}