{"id":50193,"date":"2009-02-16T08:25:44","date_gmt":"2009-02-16T07:25:44","guid":{"rendered":"http:\/\/www.ivg.it\/?p=50193"},"modified":"2009-02-16T17:31:24","modified_gmt":"2009-02-16T16:31:24","slug":"quiliano-corsa-elettorale-il-pd-risponde-a-partecipa","status":"publish","type":"post","link":"https:\/\/staging.ivg.it\/2009\/02\/quiliano-corsa-elettorale-il-pd-risponde-a-partecipa\/","title":{"rendered":"Quiliano, corsa elettorale: il Pd risponde a Partecipa"},"content":{"rendered":"<p><strong>[thumb:1289:l]Quiliano<\/strong>. &#8220;La lista Partecipa rappresenta una parte assai minoritaria, forse solo personale, dell&#8217;attuale maggioranza consiliare e quindi ci sembra perlomeno ardito, da parte di Sparso e Ottonello, definirsi i continuatori dell&#8217;amministrazione uscente&#8221;. Il circolo del Pd di Quiliano, che candida a sindaco Alberto Ferrando e che proprio in questi giorni ha avviato consultazioni con le forze politiche in vista dell&#8217;appuntamento elettorale, vuole puntualizzare: &#8220;La buona amministrazione, rivendicata pi\u00f9 volte e da noi condivisa, senza voler nulla togliere al sindaco Isetta, \u00e8 stata portata avanti dalla giunta comunale e dalla maggioranza consiliare, che \u00e8 composta sia da esponenti di partiti politici, dei quali fino ad ieri faceva parte anche Valtero Sparso, sia dalla societ\u00e0 civile&#8221;.<\/p>\n<p>Valtero Sparso e Nadia Ottonello, entrambi assessori dell&#8217;attuale compagine amministrativa, hanno promosso la lista Partecipa dichiarando di voler rilevare l&#8217;eredit\u00e0 del primo cittadino Nicola Isetta, in scadenza del secondo mandato e non pi\u00f9 ricandidabile. Il Partito Democratico quilianese, per\u00f2, \u00e8 pronto a contendere il patrimonio politico-amministrativo: &#8220;Pi\u00f9 correttamente per Sparso si potrebbe parlare di continuit\u00e0 con se stesso, dato che \u00e8 stato assessore anche per due mandati precedenti all&#8217;amministrazione Isetta&#8221;.<\/p>\n<p>I sostenitori della lista Partecipa si sono detti &#8220;fuori dai clich\u00e9 e dai diktat di partito&#8221;, autonomi rispetto alle &#8220;influenze delle segreterie&#8221;. Il Pd si scrolla di dosso accuse dirette e indirette: &#8220;Il percorso effettuato dal Pd nella costruzione del programma \u00e8 quello di un confronto tramite incontri pubblici con i cittadini e le realt\u00e0 associative presenti sul territorio. In riferimento alla nostra presunta sudditanza nei confronti degli organi politici provinciali, vorremmo ricordare anche allo stesso Sparso che da sempre il partito di Quiliano ha effettuato scelte in piena autonomia in contrapposizione ai &#8216;diktat&#8217; pervenuti dall&#8217;esterno e il Pd anche per il futuro rivendica la stessa autonomia decisionale, non ritenendosi, come dimostrano i fatti &#8216;un vaso di coccio tra i vasi di ferro'&#8221;.<\/p>\n<p>&#8220;Al candidato Valtero Sparso che sta denigrando in modo particolare il Pd &#8211; concludono gli esponenti del partito di Veltroni &#8211; vorremmo ricordare che ha fatto l&#8217;amministratore per 19 anni essendo iscritto e candidato da un partito politico, ed in tutti questi anni non si \u00e8 mai posto dubbi sull&#8217;autonomia o su eventuali diktat pervenuti dall&#8217;alto&#8221;.<\/p>\n","protected":false},"excerpt":{"rendered":"<p>[thumb:1289:l]Quiliano. &#8220;La lista Partecipa rappresenta una parte assai minoritaria, forse solo personale, dell&#8217;attuale maggioranza consiliare e quindi ci sembra perlomeno ardito, da parte di Sparso e Ottonello, definirsi i continuatori dell&#8217;amministrazione uscente&#8221;. Il circolo del Pd di Quiliano, che candida a sindaco Alberto Ferrando e che proprio in questi giorni ha avviato consultazioni con le [&hellip;]<\/p>\n","protected":false},"author":5,"featured_media":0,"comment_status":"open","ping_status":"closed","sticky":false,"template":"","format":"standard","meta":{"footnotes":""},"categories":[31],"tags":[218,378,6688,596,197],"class_list":["post-50193","post","type-post","status-publish","format-standard","hentry","category-politica","tag-elezioni","tag-nicola-isetta","tag-partecipa","tag-partito-democratico","tag-pd","post_cat_citta-quiliano"],"amp_validity":null,"amp_enabled":true,"_links":{"self":[{"href":"https:\/\/staging.ivg.it\/ediapi\/wp\/v2\/posts\/50193","targetHints":{"allow":["GET"]}}],"collection":[{"href":"https:\/\/staging.ivg.it\/ediapi\/wp\/v2\/posts"}],"about":[{"href":"https:\/\/staging.ivg.it\/ediapi\/wp\/v2\/types\/post"}],"author":[{"embeddable":true,"href":"https:\/\/staging.ivg.it\/ediapi\/wp\/v2\/users\/5"}],"replies":[{"embeddable":true,"href":"https:\/\/staging.ivg.it\/ediapi\/wp\/v2\/comments?post=50193"}],"version-history":[{"count":0,"href":"https:\/\/staging.ivg.it\/ediapi\/wp\/v2\/posts\/50193\/revisions"}],"wp:attachment":[{"href":"https:\/\/staging.ivg.it\/ediapi\/wp\/v2\/media?parent=50193"}],"wp:term":[{"taxonomy":"category","embeddable":true,"href":"https:\/\/staging.ivg.it\/ediapi\/wp\/v2\/categories?post=50193"},{"taxonomy":"post_tag","embeddable":true,"href":"https:\/\/staging.ivg.it\/ediapi\/wp\/v2\/tags?post=50193"}],"curies":[{"name":"wp","href":"https:\/\/api.w.org\/{rel}","templated":true}]}}