{"id":501905,"date":"2020-07-15T13:42:34","date_gmt":"2020-07-15T11:42:34","guid":{"rendered":"http:\/\/www.ivg.it\/?p=501905"},"modified":"2020-07-15T13:46:38","modified_gmt":"2020-07-15T11:46:38","slug":"ceriale-si-amplia-il-reparto-difensivo-con-larrivo-di-stefano-pastorino","status":"publish","type":"post","link":"https:\/\/staging.ivg.it\/2020\/07\/ceriale-si-amplia-il-reparto-difensivo-con-larrivo-di-stefano-pastorino\/","title":{"rendered":"Ceriale, si amplia il reparto difensivo con l\u2019arrivo di Stefano Pastorino"},"content":{"rendered":"<p><strong>Ceriale.<\/strong> Il calciomercato porta a <strong>Ceriale<\/strong> un nuovo importante tassello per la difesa della prima squadra: \u00e8 stato infatti ufficializzato l\u2019ingaggio di <strong>Stefano Pastorino.<\/strong><\/p>\n<p>Alassino<strong>, classe 1990,<\/strong> Stefano \u00e8 un calciatore esperto, grintoso e con grande personalit\u00e0. <strong>Le sue capacit\u00e0 gli permetto di poter ricoprire diversi ruoli: nasce come centrocampista, ma negli anni \u00e8 stato positivamente riadattato in difesa.<\/strong><\/p>\n<p>Dal 2009 al 2016 ha vestito la maglia della <strong>Loanesi San Francesco<\/strong>, per poi approdare ad <strong>Albenga<\/strong> dove ha trovato mister Biolzi e con cui ha giocato per due anni. Nelle ultime due stagioni ha aggiunto al suo curriculum le esperienze nel campionato di Eccellenza con<strong> Alassio <\/strong>e<strong> Finale.<\/strong><\/p>\n<p>Le parole di Stefano: &#8220;<em>Comincio questa avventura a Ceriale, conosco bene l\u2019allenatore e molti giocatori. Il primo obiettivo sar\u00e0 sicuramente la salvezza e poi speriamo di divertirci!<\/em>&#8220;.<\/p>\n<p>&#8220;<em>L&#8217;Asd Ceriale Progetto Calcio d\u00e0 il benvenuto a Stefano e non vede l\u2019ora di poterlo vedere in campo con i nostri colori!<\/em>&#8221; dichiara la dirigenza biancobl\u00f9.<\/p>\n","protected":false},"excerpt":{"rendered":"<p>Classe 1990, nelle ultime due stagioni ha giocato in Eccellenza con Alassio e Finale<\/p>\n","protected":false},"author":18,"featured_media":0,"comment_status":"open","ping_status":"closed","sticky":false,"template":"","format":"standard","meta":{"footnotes":""},"categories":[45296,182,32],"tags":[85989,42445,570],"class_list":["post-501905","post","type-post","status-publish","format-standard","hentry","category-copertina","category-calcio","category-sport","tag-calcio","tag-ceriale-progetto-calcio","tag-promozione","post_cat_citta-ceriale","post_tag_personaggi-stefano-pastorino"],"amp_validity":null,"amp_enabled":true,"_links":{"self":[{"href":"https:\/\/staging.ivg.it\/ediapi\/wp\/v2\/posts\/501905","targetHints":{"allow":["GET"]}}],"collection":[{"href":"https:\/\/staging.ivg.it\/ediapi\/wp\/v2\/posts"}],"about":[{"href":"https:\/\/staging.ivg.it\/ediapi\/wp\/v2\/types\/post"}],"author":[{"embeddable":true,"href":"https:\/\/staging.ivg.it\/ediapi\/wp\/v2\/users\/18"}],"replies":[{"embeddable":true,"href":"https:\/\/staging.ivg.it\/ediapi\/wp\/v2\/comments?post=501905"}],"version-history":[{"count":0,"href":"https:\/\/staging.ivg.it\/ediapi\/wp\/v2\/posts\/501905\/revisions"}],"wp:attachment":[{"href":"https:\/\/staging.ivg.it\/ediapi\/wp\/v2\/media?parent=501905"}],"wp:term":[{"taxonomy":"category","embeddable":true,"href":"https:\/\/staging.ivg.it\/ediapi\/wp\/v2\/categories?post=501905"},{"taxonomy":"post_tag","embeddable":true,"href":"https:\/\/staging.ivg.it\/ediapi\/wp\/v2\/tags?post=501905"}],"curies":[{"name":"wp","href":"https:\/\/api.w.org\/{rel}","templated":true}]}}