{"id":501731,"date":"2020-07-13T18:59:14","date_gmt":"2020-07-13T16:59:14","guid":{"rendered":"http:\/\/www.ivg.it\/?p=501731"},"modified":"2020-07-13T18:59:14","modified_gmt":"2020-07-13T16:59:14","slug":"dalla-diocesi-di-savona-un-fondo-di-solidarieta-per-il-post-emergenza","status":"publish","type":"post","link":"https:\/\/staging.ivg.it\/2020\/07\/dalla-diocesi-di-savona-un-fondo-di-solidarieta-per-il-post-emergenza\/","title":{"rendered":"Dalla Diocesi di Savona un &#8220;Fondo di solidariet\u00e0&#8221; per il post emergenza"},"content":{"rendered":"<p><strong>Savona.<\/strong> La Diocesi di Savona-Noli al lavoro per offrire un sostegno concreto per il post-emergenza. La pandemia da Covid-19, oltre a lutti e sofferenze, sta gi\u00e0 lasciando inevitabili conseguenze socio-economiche, peraltro su un territorio come quello savonese ancora provato dalla crisi degli anni scorsi. Perci\u00f2 il vescovo Calogero Marino, con una lettera alle parrocchie e pubblicata anche su Il Letimbro di giugno, ha dato il via ufficialmente a questa iniziativa.<\/p>\n<p>&#8220;Costituisco pertanto, con l\u2019aiuto della Caritas, un Fondo diocesano di solidariet\u00e0, \u2018Insieme per ripartire\u2019, che raccoglier\u00e0 i nostri contributi, secondo le possibilit\u00e0 di ciascuno, per il tempo &#8211; e sar\u00e0 lungo! &#8211; di questa crisi. Potremo cos\u00ec farci concretamente prossimi dei tanti nostri fratelli &#8211; penso in particolare ai migranti e ai senza fissa dimora &#8211; che talora consideriamo solo un problema da risolvere, e che invece sono per noi un dono, \u2018la carne viva di Cristo\u2019 (Papa Francesco): anche con loro dovremo sognare e costruire un mondo diverso. Ma penso anche a chi ha perso il lavoro o rischia di perderlo, e alle tante famiglie che si stanno drammaticamente impoverendo. Penso alle tante piccole attivit\u00e0 produttive che rischiano di non ripartire. Il lavoro \u00e8 dignit\u00e0, e possibilit\u00e0 per ciascuno di contribuire al bene comune. Non poter lavorare \u00e8 umiliante e spesso rende muti e incapaci perfino di chiedere: vorrei che riuscissimo, per quanto sar\u00e0 possibile (e nella sana consapevolezza di non essere onnipotenti!), a farci vicini concretamente a questi nostri fratelli!\u201d.<\/p>\n<p>I contributi al fondo possono essere versati sull\u2019Iban IT05S0503410600000000012497 intestato a Fondazione diocesana Comunit\u00e0Servizi onlus, con la causale: Fondo diocesano di Solidariet\u00e0 \u201cInsieme per ripartire\u201d. Le erogazioni liberali alle onlus possono essere detratte dall\u2019imposta ai sensi dell\u2019art. 15 del TUIR o in alternativa (con norma pi\u00f9 favorevole) possono essere detratte in base all\u2019art. 83 comma 1) del D. Lgs 117\/2017 (codice del Terzo Settore). Vi \u00e8 anche l\u2019opportunit\u00e0, sempre in via alternativa alle opzioni precedenti, della deduzione dal reddito in base all\u2019art 83 comma 2 dello stesso D. Lgs. Per beneficiare di questa opportunit\u00e0 \u00e8 necessario che le erogazioni siano effettuate esclusivamente tramite versamenti che ne garantiscano la tracciabilit\u00e0, quindi con bonifico (bancario o postale) oppure bancomat, carte di credito, carte prepagate, assegni bancari e circolari.<\/p>\n<p>Per chi desidera comunque effettuare l\u2019offerta in contanti, \u00e8 possibile fissare un appuntamento telefonando al numero 019\/8389638. Per ogni chiarimento si pu\u00f2 contattare l\u2019amministrazione della Fondazione, inviando una mail ad info@comunitaservizi.org o telefonando al numero 019\/8389638. Il Vescovo ha inoltre costituito con decreto una \u201ccommissione crisi\u201d per avviare un attento discernimento delle conseguenze sociali, economiche e pastorali che gi\u00e0 ora la pandemia sta producendo.<\/p>\n","protected":false},"excerpt":{"rendered":"<p>Un conto corrente per raccogliere i contributi di tutti<\/p>\n","protected":false},"author":10593,"featured_media":0,"comment_status":"open","ping_status":"closed","sticky":false,"template":"","format":"standard","meta":{"footnotes":""},"categories":[56],"tags":[21103],"class_list":["post-501731","post","type-post","status-publish","format-standard","hentry","category-altre","tag-diocesi-savona"],"amp_validity":null,"amp_enabled":true,"_links":{"self":[{"href":"https:\/\/staging.ivg.it\/ediapi\/wp\/v2\/posts\/501731","targetHints":{"allow":["GET"]}}],"collection":[{"href":"https:\/\/staging.ivg.it\/ediapi\/wp\/v2\/posts"}],"about":[{"href":"https:\/\/staging.ivg.it\/ediapi\/wp\/v2\/types\/post"}],"author":[{"embeddable":true,"href":"https:\/\/staging.ivg.it\/ediapi\/wp\/v2\/users\/10593"}],"replies":[{"embeddable":true,"href":"https:\/\/staging.ivg.it\/ediapi\/wp\/v2\/comments?post=501731"}],"version-history":[{"count":0,"href":"https:\/\/staging.ivg.it\/ediapi\/wp\/v2\/posts\/501731\/revisions"}],"wp:attachment":[{"href":"https:\/\/staging.ivg.it\/ediapi\/wp\/v2\/media?parent=501731"}],"wp:term":[{"taxonomy":"category","embeddable":true,"href":"https:\/\/staging.ivg.it\/ediapi\/wp\/v2\/categories?post=501731"},{"taxonomy":"post_tag","embeddable":true,"href":"https:\/\/staging.ivg.it\/ediapi\/wp\/v2\/tags?post=501731"}],"curies":[{"name":"wp","href":"https:\/\/api.w.org\/{rel}","templated":true}]}}