{"id":501565,"date":"2020-07-12T09:07:09","date_gmt":"2020-07-12T07:07:09","guid":{"rendered":"http:\/\/www.ivg.it\/?p=501565"},"modified":"2020-07-12T09:07:10","modified_gmt":"2020-07-12T07:07:10","slug":"meteo-qualche-nuvola-al-mattino-sereno-dal-pomeriggio-temperature-estive-afa-in-aumento","status":"publish","type":"post","link":"https:\/\/staging.ivg.it\/2020\/07\/meteo-qualche-nuvola-al-mattino-sereno-dal-pomeriggio-temperature-estive-afa-in-aumento\/","title":{"rendered":"Meteo: qualche nuvola al mattino, sereno dal pomeriggio. Temperature estive, afa in aumento"},"content":{"rendered":"<p><strong>Liguria.<\/strong> Al mattino nubi basse, anche compatte, di matrice padana (gaigo) saranno presenti sui versanti padani centro-occidentali, ma tenderanno a dissiparsi entro le prime ore del pomeriggio. Cieli per lo pi\u00f9 sereni altrove. Nel pomeriggio prender\u00e0 piede la consueta attivit\u00e0 cumuliforme, che nell&#8217;areale delle Alpi Liguri potr\u00e0 dare sfogo a qualche rovescio. Scarse possibilit\u00e0 di sconfinamenti sulle adiacenti balconate costiere. Bel tempo sul resto della regione.<\/p>\n<p>Situazione: Il nuovo rinforzo dell&#8217;alta pressione determina il ripristino di condizioni di tempo stabile e soleggiato sulla Liguria. Da marted\u00ec l&#8217;ingresso di correnti pi\u00f9 fresche da nord-ovest determiner\u00e0 un aumento dell&#8217;instabilit\u00e0, soprattutto nelle aree interne.<\/p>\n<p>Venti: Al mattino moderati\/tesi da nord\/nord-ovest sul centro-ponente e in mare aperto, deboli\/moderati da nord-est a levante. Ventilazione in graduale abbattimento nel corso del pomeriggio e rotazione a brezza meridionale sotto-costa.<\/p>\n<p>Mari: Al mattino mossi a ponente, poco mossi sul centro-levante, molto mossi a largo, specie sul quadrante occidentale. Moto ondoso in progressivo abbattimento nel corso della giornata.<\/p>\n<p>Temperature: In calo sui rilievi e nelle aree interne.<br \/>\nCosta: min +17\/20\u00b0C, max +27\/31\u00b0C.<br \/>\nInterno: min +10\/+17\u00b0C, max +24\/27\u00b0C.<\/p>\n","protected":false},"excerpt":{"rendered":"<p>L&#8217;anticiclone torna a predominare sui cieli mediterranei, con un fronte di alta pressione robusto<\/p>\n","protected":false},"author":10593,"featured_media":0,"comment_status":"open","ping_status":"closed","sticky":false,"template":"","format":"standard","meta":{"footnotes":""},"categories":[45296,34],"tags":[42023,652],"class_list":["post-501565","post","type-post","status-publish","format-standard","hentry","category-copertina","category-cronaca","tag-limet","tag-meteo"],"amp_validity":null,"amp_enabled":true,"_links":{"self":[{"href":"https:\/\/staging.ivg.it\/ediapi\/wp\/v2\/posts\/501565","targetHints":{"allow":["GET"]}}],"collection":[{"href":"https:\/\/staging.ivg.it\/ediapi\/wp\/v2\/posts"}],"about":[{"href":"https:\/\/staging.ivg.it\/ediapi\/wp\/v2\/types\/post"}],"author":[{"embeddable":true,"href":"https:\/\/staging.ivg.it\/ediapi\/wp\/v2\/users\/10593"}],"replies":[{"embeddable":true,"href":"https:\/\/staging.ivg.it\/ediapi\/wp\/v2\/comments?post=501565"}],"version-history":[{"count":0,"href":"https:\/\/staging.ivg.it\/ediapi\/wp\/v2\/posts\/501565\/revisions"}],"wp:attachment":[{"href":"https:\/\/staging.ivg.it\/ediapi\/wp\/v2\/media?parent=501565"}],"wp:term":[{"taxonomy":"category","embeddable":true,"href":"https:\/\/staging.ivg.it\/ediapi\/wp\/v2\/categories?post=501565"},{"taxonomy":"post_tag","embeddable":true,"href":"https:\/\/staging.ivg.it\/ediapi\/wp\/v2\/tags?post=501565"}],"curies":[{"name":"wp","href":"https:\/\/api.w.org\/{rel}","templated":true}]}}