{"id":501552,"date":"2020-07-11T18:44:17","date_gmt":"2020-07-11T16:44:17","guid":{"rendered":"http:\/\/www.ivg.it\/?p=501552"},"modified":"2020-07-11T18:45:07","modified_gmt":"2020-07-11T16:45:07","slug":"taekwondo-sofia-ciarlo-verso-lesame-per-la-cintura-nera","status":"publish","type":"post","link":"https:\/\/staging.ivg.it\/2020\/07\/taekwondo-sofia-ciarlo-verso-lesame-per-la-cintura-nera\/","title":{"rendered":"Taekwondo: Sofia Ciarlo verso l&#8217;esame per la cintura nera"},"content":{"rendered":"<p><strong>Savona<\/strong>. Il <strong>taekwondo<\/strong> pi\u00f9 forte del lockdown<strong>. Il 25 giugno \u00e8 ufficialmente ricominciata la stagione agonistica per la disciplina coreana<\/strong>, grazie all&#8217;introduzione di un protocollo studiato dal Comitato Tecnico Scientifico della FITA, Federazione Italiana Taekwondo, poi approvato dal CONI. Sabato 18 luglio, a meno di un mese dalla ripresa degli allenamenti, il Comitato regionale ligure organizzer\u00e0 <strong>gli esami di passaggio di grado per le cinture nere<\/strong>, che si svolger\u00e0 nella palestra del liceo King, a Genova.<\/p>\n<p>Tra gli atleti che sosterranno le prove d&#8217;esame ci sar\u00e0 anche<strong> Sofia Ciarlo<\/strong>, savonese classe 2002, gi\u00e0 bronzo ai campionati nazionali under 18 di Riccione nel 2019 e da gennaio impegnata nella categoria seniores. Sofia sosterr\u00e0 l&#8217;esame per il terzo dan in un contesto molto particolare e complicato: &#8220;Credo che un atleta di taekwondo, per essere definito tale, debba saper affrontare ogni sfida che il proprio sport propone e gli esami sono una di queste. <strong>Da quando \u00e8 finito il periodo del lockdown, questa \u00e8 la mia prima sfida<\/strong> da affrontare e sono pronta a dare il massimo, anche se non nascondo un po&#8217; di dispiacere per non poter sostenere la prova del combattimento. Per evitare contagi, infatti, \u00e8 stata sostituita da una dimostrazione tecnica al sacco, utile a valutare la preparazione tecnica e tattica del candidato&#8221;.<\/p>\n<p>Sofia e i suoi compagni hanno potuto da poco riprendere gli allenamenti a pieno regime presso la societ\u00e0 Olimpia Savona: &#8220;<strong>Rivedere il mio maestro Giovanni e i miei compagni di palestra \u00e8 stata l&#8217;emozione pi\u00f9 grande<\/strong>. Abbiamo sostenuto allenamenti pesanti, ma sempre con il sorriso e la felicit\u00e0 di essere ripartiti insieme&#8221;.<\/p>\n<p>Per la Ciarlo, il periodo del lockdown \u00e8 stato molto complesso, avendo portato all&#8217;annullamento di una gara importante come il campionato italiano cinture nere, in programma a Genova e sul quale la Ciarlo puntava molto, per rientrare ad alti livelli dopo un brutto infortunio: &#8220;<strong>Avevo concluso il 2019 con uno strappo al bicipite femorale<\/strong> che mi aveva costretta a oltre un mese di stop<strong>. La gara di Genova sembrava l&#8217;occasione perfetta per tornare sul tatami<\/strong>, davanti a tutti i miei affetti e sul palcoscenico pi\u00f9 importante. Per questo lo stop mi ha molto demoralizzata, ma con il tempo ho capito che anche un avvenimento del genere avrebbe potuto rappresentare un&#8217;occasione per crescere. Avr\u00f2 pi\u00f9 tempo per recuperare la forma e presentarmi al meglio al prossimo campionato&#8221;.<\/p>\n","protected":false},"excerpt":{"rendered":"<p>Il giovane talento savonese avr\u00e0 l&#8217;esame sabato 18 luglio: per Sofia Ciarlo il test arriva dopo un infortunio e a un mese dalla ripresa<\/p>\n","protected":false},"author":12631,"featured_media":0,"comment_status":"open","ping_status":"closed","sticky":false,"template":"","format":"standard","meta":{"footnotes":""},"categories":[45296,42377,32],"tags":[6394,6395],"class_list":["post-501552","post","type-post","status-publish","format-standard","hentry","category-copertina","category-altri-sport","category-sport","tag-olimpia-savona","tag-taekwondo","post_cat_citta-savona","post_tag_personaggi-sofia-ciarlo"],"amp_validity":null,"amp_enabled":true,"_links":{"self":[{"href":"https:\/\/staging.ivg.it\/ediapi\/wp\/v2\/posts\/501552","targetHints":{"allow":["GET"]}}],"collection":[{"href":"https:\/\/staging.ivg.it\/ediapi\/wp\/v2\/posts"}],"about":[{"href":"https:\/\/staging.ivg.it\/ediapi\/wp\/v2\/types\/post"}],"author":[{"embeddable":true,"href":"https:\/\/staging.ivg.it\/ediapi\/wp\/v2\/users\/12631"}],"replies":[{"embeddable":true,"href":"https:\/\/staging.ivg.it\/ediapi\/wp\/v2\/comments?post=501552"}],"version-history":[{"count":0,"href":"https:\/\/staging.ivg.it\/ediapi\/wp\/v2\/posts\/501552\/revisions"}],"wp:attachment":[{"href":"https:\/\/staging.ivg.it\/ediapi\/wp\/v2\/media?parent=501552"}],"wp:term":[{"taxonomy":"category","embeddable":true,"href":"https:\/\/staging.ivg.it\/ediapi\/wp\/v2\/categories?post=501552"},{"taxonomy":"post_tag","embeddable":true,"href":"https:\/\/staging.ivg.it\/ediapi\/wp\/v2\/tags?post=501552"}],"curies":[{"name":"wp","href":"https:\/\/api.w.org\/{rel}","templated":true}]}}