{"id":500865,"date":"2020-07-04T11:46:02","date_gmt":"2020-07-04T09:46:02","guid":{"rendered":"http:\/\/www.ivg.it\/?p=500865"},"modified":"2020-07-04T11:46:02","modified_gmt":"2020-07-04T09:46:02","slug":"savona-ottiene-la-qualifica-di-citta-che-legge","status":"publish","type":"post","link":"https:\/\/staging.ivg.it\/2020\/07\/savona-ottiene-la-qualifica-di-citta-che-legge\/","title":{"rendered":"Savona ottiene la qualifica di &#8220;Citt\u00e0 che legge&#8221;"},"content":{"rendered":"<p><strong>Savona<\/strong>. Sono stati pubblicati dal \u201cCentro per il Libro e la Lettura\u201d gli elenchi delle citt\u00e0 che hanno ottenuto la qualifica di \u201cCitt\u00e0 che legge\u201d. La domanda presentata dal Comune di Savona \u00e8 stata accettata.<\/p>\n<p>Il Cepell, d\u2019intesa con l\u2019Anci, intende promuovere e valorizzare con la qualifica di \u201cCitt\u00e0 che legge\u201d quelle amministrazioni comunali che si impegnano a svolgere con continuit\u00e0 politiche pubbliche di promozione della lettura sul proprio territorio. La qualifica di \u201cCitt\u00e0 che legge\u201d riconosce e sostiene la crescita socio-culturale delle comunit\u00e0 urbane attraverso la diffusione della lettura come valore riconosciuto e condiviso, in grado di influenzare positivamente la qualit\u00e0 della vita individuale e collettiva.<\/p>\n<p>Spiega l&#8217;assessore alla cultura Doriana Rodino: \u201cAbbiamo raggiunto questo risultato grazie alle attivit\u00e0 promosse dal Comune, come la rassegna iniziata lo scorso anno &#8216;Conversazioni al museo&#8217; e con progetti della biblioteca Barrili realizzati con il supporto di librerie ma anche grazie alle iniziative delle scuole, il liceo scientifico e l\u2019istituto Boselli-Alberti, e delle singole librerie cittadine. Appena possibile coinvolgeremo queste realt\u00e0 per stilare un &#8216;Patto per la lettura&#8217;\u201d.<\/p>\n<p>\u201cAver ottenuto questa qualifica \u00e8 molto importante perch\u00e9 ci permetter\u00e0 di partecipare a bandi ministeriali dedicati attraverso i quali sar\u00e0 possibile avere fondi per la promozione della cultura\u201d conclude il sindaco Ilaria Caprioglio.<\/p>\n","protected":false},"excerpt":{"rendered":"<p>Rivolto alle amministrazioni comunali che si impegnano a svolgere con continuit\u00e0 politiche pubbliche di promozione della lettura sul proprio territorio<\/p>\n","protected":false},"author":12120,"featured_media":0,"comment_status":"open","ping_status":"closed","sticky":false,"template":"","format":"standard","meta":{"footnotes":""},"categories":[45296,56],"tags":[93556,11309],"class_list":["post-500865","post","type-post","status-publish","format-standard","hentry","category-copertina","category-altre","tag-citta-che-legge","tag-comune-di-savona","post_cat_citta-savona","post_tag_personaggi-doriana-rodino","post_tag_personaggi-ilaria-caprioglio"],"amp_validity":null,"amp_enabled":true,"_links":{"self":[{"href":"https:\/\/staging.ivg.it\/ediapi\/wp\/v2\/posts\/500865","targetHints":{"allow":["GET"]}}],"collection":[{"href":"https:\/\/staging.ivg.it\/ediapi\/wp\/v2\/posts"}],"about":[{"href":"https:\/\/staging.ivg.it\/ediapi\/wp\/v2\/types\/post"}],"author":[{"embeddable":true,"href":"https:\/\/staging.ivg.it\/ediapi\/wp\/v2\/users\/12120"}],"replies":[{"embeddable":true,"href":"https:\/\/staging.ivg.it\/ediapi\/wp\/v2\/comments?post=500865"}],"version-history":[{"count":0,"href":"https:\/\/staging.ivg.it\/ediapi\/wp\/v2\/posts\/500865\/revisions"}],"wp:attachment":[{"href":"https:\/\/staging.ivg.it\/ediapi\/wp\/v2\/media?parent=500865"}],"wp:term":[{"taxonomy":"category","embeddable":true,"href":"https:\/\/staging.ivg.it\/ediapi\/wp\/v2\/categories?post=500865"},{"taxonomy":"post_tag","embeddable":true,"href":"https:\/\/staging.ivg.it\/ediapi\/wp\/v2\/tags?post=500865"}],"curies":[{"name":"wp","href":"https:\/\/api.w.org\/{rel}","templated":true}]}}