{"id":500630,"date":"2020-07-01T20:57:08","date_gmt":"2020-07-01T18:57:08","guid":{"rendered":"http:\/\/www.ivg.it\/?p=500630"},"modified":"2020-07-01T20:57:08","modified_gmt":"2020-07-01T18:57:08","slug":"promozioni-arbitrali-a-savona-mirri-in-can-d-sale-con-lui-anche-manni","status":"publish","type":"post","link":"https:\/\/staging.ivg.it\/2020\/07\/promozioni-arbitrali-a-savona-mirri-in-can-d-sale-con-lui-anche-manni\/","title":{"rendered":"Promozioni arbitrali a Savona: Mirri in CAN D, sale con lui anche Manni"},"content":{"rendered":"<p><strong>Savona<\/strong>. Novit\u00e0 importanti per <strong>i fischietti savonesi<\/strong>: sono state non poche, infatti, le promozioni nelle categorie nazionali degli arbitri di calcio della sezione di Savona. Tra tutti, svetta<strong> la carriera celere e convincente di Mattia Mirri, che sar\u00e0 il prossimo anno in Serie D<\/strong>.<\/p>\n<p>Il Comitato Nazionale dell&#8217;Aia oggi, viste le proposte in merito alla formazione dei ruoli arbitrali nazionali prossima stagione sportiva, ha infatti reso note le sue delibere. Savona \u00e8 ampiamente citata: <strong>confermati in CAN D gli assistenti Michele Cirio e Daniele Santini<\/strong>, che vengono raggiunti nella stessa categoria dall&#8217;<strong>osservatore Paolo Vignola, dall&#8217;assistente Matteo Manni<\/strong> e, appunto, dall&#8217;arbitro Mattia Mirri.<\/p>\n<p>Mirri aveva lasciato la regione solo un anno fa, debuttando alla <strong>CAI<\/strong>, una commissione interregionale che designa gli arbitri nelle gare di Eccellenza e Promozione di altre regioni. Ora l&#8217;altro balzo, non scontato, al vertice del campionato dilettanti. Mirri \u00e8 un vero figlio d&#8217;arte:<strong> suo padre Rodolfo \u00e8 stato assistenze arbitrale alla Can A<\/strong> a cavallo del cambio di secolo, fino al 2004.<\/p>\n<p>Rilievo nazionale anche per <strong>l&#8217;arbitro Giulio Fantino<\/strong>, che \u00e8 stato promosso alla CAN 5. Gi\u00e0 assistente di categorie nazionali, dimostra cos\u00ec una notevole eccleticit\u00e0.<\/p>\n<p>Da parte della dirigenza sezionale c&#8217;\u00e8 ovviamente motivo di essere lieti. &#8220;<strong>Sono certo che i nostri ragazzi faranno bene anche nelle categorie superiori<\/strong> &#8211; ha dichiarato Fabio <strong>Muratore<\/strong>, presidente savonese &#8211; rappresenteranno con orgoglio la Sezione in Italia durante la prossima stagione sportiva, saranno i nostri portabandiera. Credo che, a fianco dei neopromossi, sia importante ricordare anche le conferme: un altro anno in Can D per Cirio e Santini \u00e8 il segno del duro lavoro che hanno fatto&#8221;.<\/p>\n<p><strong>Arrivano parole di elogio anche da Simone Roba<\/strong>, vicepresidente: &#8220;Sono felice che altri nostri associati siano saliti a questi livelli, \u00e8 dimostrazione dell&#8217;impegno di tutti: nostro, sul piano dirigenziale, degli associati per il grande impegno che profondono settimana dopo settimana, in campo e negli allenamenti.<strong> Sono certo che saranno di esempio anche per i pi\u00f9 giovani<\/strong>&#8220;.<\/p>\n","protected":false},"excerpt":{"rendered":"<p>Mirri, Manni, Vignola e Fantino promossi: si rinfoltisce il team nazionale della sezione di Savona, con Cirio e Santini confermati in Can D<\/p>\n","protected":false},"author":12631,"featured_media":0,"comment_status":"open","ping_status":"closed","sticky":false,"template":"","format":"standard","meta":{"footnotes":""},"categories":[45296,182,32],"tags":[],"class_list":["post-500630","post","type-post","status-publish","format-standard","hentry","category-copertina","category-calcio","category-sport","post_cat_citta-cairo-montenotte","post_cat_citta-savona"],"amp_validity":null,"amp_enabled":true,"_links":{"self":[{"href":"https:\/\/staging.ivg.it\/ediapi\/wp\/v2\/posts\/500630","targetHints":{"allow":["GET"]}}],"collection":[{"href":"https:\/\/staging.ivg.it\/ediapi\/wp\/v2\/posts"}],"about":[{"href":"https:\/\/staging.ivg.it\/ediapi\/wp\/v2\/types\/post"}],"author":[{"embeddable":true,"href":"https:\/\/staging.ivg.it\/ediapi\/wp\/v2\/users\/12631"}],"replies":[{"embeddable":true,"href":"https:\/\/staging.ivg.it\/ediapi\/wp\/v2\/comments?post=500630"}],"version-history":[{"count":0,"href":"https:\/\/staging.ivg.it\/ediapi\/wp\/v2\/posts\/500630\/revisions"}],"wp:attachment":[{"href":"https:\/\/staging.ivg.it\/ediapi\/wp\/v2\/media?parent=500630"}],"wp:term":[{"taxonomy":"category","embeddable":true,"href":"https:\/\/staging.ivg.it\/ediapi\/wp\/v2\/categories?post=500630"},{"taxonomy":"post_tag","embeddable":true,"href":"https:\/\/staging.ivg.it\/ediapi\/wp\/v2\/tags?post=500630"}],"curies":[{"name":"wp","href":"https:\/\/api.w.org\/{rel}","templated":true}]}}