{"id":500594,"date":"2020-07-01T15:24:16","date_gmt":"2020-07-01T13:24:16","guid":{"rendered":"http:\/\/www.ivg.it\/?p=500594"},"modified":"2020-07-01T15:29:45","modified_gmt":"2020-07-01T13:29:45","slug":"crollo-allunita-spinale-del-santa-corona-pd-la-svendita-della-sanita-pubblica-della-giunta-toti","status":"publish","type":"post","link":"https:\/\/staging.ivg.it\/2020\/07\/crollo-allunita-spinale-del-santa-corona-pd-la-svendita-della-sanita-pubblica-della-giunta-toti\/","title":{"rendered":"Crollo all&#8217;Unit\u00e0 Spinale del Santa Corona, Pd: &#8220;La svendita della sanit\u00e0 pubblica della giunta Toti&#8221;"},"content":{"rendered":"<p><strong>Pietra Ligure.<\/strong> &#8220;Il crollo del soffitto dell&#8217;Unit\u00e0 Spinale del Santa Corona \u2013 fortunatamente senza alcun ferito \u2013 \u00e8 purtroppo l&#8217;ennesimo segnale di decadenza della sanit\u00e0 pubblica ligure, a partire anche dalle strutture&#8221;.<\/p>\n<p>Cos\u00ec il gruppo Pd in Regione Liguria dopo la notizia pubblicata da IVG.it sull&#8217;episodio avvenuto all&#8217;interno della struttura di riabilitazione motoria dell&#8217;ospedale pietrese, considerata eccellenza della nostra sanit\u00e0 pubblica. <\/p>\n<p>&#8220;In questi cinque anni di governo regionale, la Giunta Toti ha pensato solo a svendere la sanit\u00e0, invece di rafforzarla. Ma quando qualcuno prova a farlo notare, il centrodestra risponde compatto che la colpa \u00e8 di chi c&#8217;era prima. Anche Fratelli d&#8217;Italia, dopo che, nei giorni scorsi, aveva chiesto giustamente la riapertura del Pronto soccorso di Cairo Montenotte \u2013 un&#8217;istanza che il Pd sta portando avanti da tempo \u2013 per paura di non offendere gli alleati del centrodestra si \u00e8 affrettato a precisare che la colpa del degrado della sanit\u00e0 ligure sarebbe di Giancarlo Mori (peraltro scomparso l&#8217;anno scorso), che ha governato la Regione pi\u00f9 di 20 anni fa&#8221;.<\/p>\n<p>&#8220;Ormai il refrain \u00e8 sempre lo stesso: se qualcosa va male \u00e8 colpa di chi c&#8217;era prima. Anche se chi comanda adesso si trova al vertice della Regione Liguria da oltre cinque anni&#8221; concludono i consiglieri Dem.<\/p>\n","protected":false},"excerpt":{"rendered":"<p>&#8220;Colpa del degrado alla vecchia giunta regionale di Mori? Assurdo, sono da cinque anni al governo&#8221;<\/p>\n","protected":false},"author":4,"featured_media":0,"comment_status":"open","ping_status":"closed","sticky":false,"template":"","format":"standard","meta":{"footnotes":""},"categories":[34,31],"tags":[89022,108299,845],"class_list":["post-500594","post","type-post","status-publish","format-standard","hentry","category-cronaca","category-politica","tag-gruppo-pd-regione","tag-sanita-pubblica","tag-unita-spinale-santa-corona"],"amp_validity":null,"amp_enabled":true,"_links":{"self":[{"href":"https:\/\/staging.ivg.it\/ediapi\/wp\/v2\/posts\/500594","targetHints":{"allow":["GET"]}}],"collection":[{"href":"https:\/\/staging.ivg.it\/ediapi\/wp\/v2\/posts"}],"about":[{"href":"https:\/\/staging.ivg.it\/ediapi\/wp\/v2\/types\/post"}],"author":[{"embeddable":true,"href":"https:\/\/staging.ivg.it\/ediapi\/wp\/v2\/users\/4"}],"replies":[{"embeddable":true,"href":"https:\/\/staging.ivg.it\/ediapi\/wp\/v2\/comments?post=500594"}],"version-history":[{"count":0,"href":"https:\/\/staging.ivg.it\/ediapi\/wp\/v2\/posts\/500594\/revisions"}],"wp:attachment":[{"href":"https:\/\/staging.ivg.it\/ediapi\/wp\/v2\/media?parent=500594"}],"wp:term":[{"taxonomy":"category","embeddable":true,"href":"https:\/\/staging.ivg.it\/ediapi\/wp\/v2\/categories?post=500594"},{"taxonomy":"post_tag","embeddable":true,"href":"https:\/\/staging.ivg.it\/ediapi\/wp\/v2\/tags?post=500594"}],"curies":[{"name":"wp","href":"https:\/\/api.w.org\/{rel}","templated":true}]}}