{"id":500590,"date":"2020-07-01T14:29:01","date_gmt":"2020-07-01T12:29:01","guid":{"rendered":"http:\/\/www.ivg.it\/?p=500590"},"modified":"2020-07-01T16:52:10","modified_gmt":"2020-07-01T14:52:10","slug":"un-tempo-esisteva-una-regione-diversa","status":"publish","type":"post","link":"https:\/\/staging.ivg.it\/2020\/07\/un-tempo-esisteva-una-regione-diversa\/","title":{"rendered":"Un tempo esisteva una Regione diversa"},"content":{"rendered":"<p>Un tempo esisteva una Regione,che pur con molte esitazioni avviava programmi e politiche di cooperazione internazionale, finanziando programmi e progetti volti in particolare all&#8217;America Latina e al bacino Mediterraneo.<\/p>\n<p>L&#8217;avvento della destra al governo della Regione ha significato praticamente la cancellazione di tutto ci\u00f2 ma quello che appare veramente strano \u00e8 l&#8217;incapacit\u00e0 regionale oltreche&#8217; comunale di dire alcunche&#8217; della situazione cinese.<\/p>\n<p>La recente epidemia ha dimostrato i legami di interdipendenza con i mercati e l&#8217;industria cinese ma si potrebbero tranquillamente ricordare gli investimenti nei porti di Vado Ligure e di La Spezia fino a giungere alla sanificazione del complesso monumentale del Priamar di Savona,fatta gratuitamente da una azienda cinese specializzata.<\/p>\n<p>In questi giorni per\u00f2 in Europa ed in particolare da Hong Kong giunge un appello dalle ragazze e dai ragazzi,che lottano per la democrazia e la libert\u00e0 affinche&#8217; vi sia una presa di distanza dalle politiche repressive cinesi attraverso anche una separazione dalle politiche commerciali sottese alla cosiddetta &#8220;via della seta&#8221; a cominciare da un pronunciamento delle assemblee elettive.<\/p>\n<p>Questa richiesta si unisce a quelle degli Uiguri,di cui ci giungono notizie di presunte sterilizzazioni di massa, del popolo del Tibet,oppresso da una feroce repressione,che allontana il ritorno del Dalai Lama solo per citarne alcune.<\/p>\n<p>A tutto ci\u00f2 corrisponde il silenzio della destra regionale,che pare interessata solo agli aspetti economici e mai alla difesa dei diritti umani tanto che spesso non riesce neppure a capire le ragioni del boicottaggio portuale delle navi cariche di armi e volte verso le aree di guerra o paesi coinvolti in terribili conflitti militari.<\/p>\n<p>Purtroppo questa \u00e8 la realt\u00e0 regionale ,a cui spesso corrisponde il silenzio di altre amministrazioni liguri di diverso colore politico,che pare proprio assolutamente non interessata alla crescita dei diritti umani e della democrazia in nome di una terribile logica di profitto economico.<\/p>\n<p style=\"text-align: right;\"><em><strong>Europa Verde Liguria<\/strong><\/em><\/p>\n","protected":false},"excerpt":{"rendered":"<p>di Europa Verde Liguria<\/p>\n","protected":false},"author":12120,"featured_media":0,"comment_status":"open","ping_status":"closed","sticky":false,"template":"","format":"standard","meta":{"footnotes":""},"categories":[120,31],"tags":[112094,295],"class_list":["post-500590","post","type-post","status-publish","format-standard","hentry","category-lettere","category-politica","tag-europa-verde-liguria","tag-regione"],"amp_validity":null,"amp_enabled":true,"_links":{"self":[{"href":"https:\/\/staging.ivg.it\/ediapi\/wp\/v2\/posts\/500590","targetHints":{"allow":["GET"]}}],"collection":[{"href":"https:\/\/staging.ivg.it\/ediapi\/wp\/v2\/posts"}],"about":[{"href":"https:\/\/staging.ivg.it\/ediapi\/wp\/v2\/types\/post"}],"author":[{"embeddable":true,"href":"https:\/\/staging.ivg.it\/ediapi\/wp\/v2\/users\/12120"}],"replies":[{"embeddable":true,"href":"https:\/\/staging.ivg.it\/ediapi\/wp\/v2\/comments?post=500590"}],"version-history":[{"count":0,"href":"https:\/\/staging.ivg.it\/ediapi\/wp\/v2\/posts\/500590\/revisions"}],"wp:attachment":[{"href":"https:\/\/staging.ivg.it\/ediapi\/wp\/v2\/media?parent=500590"}],"wp:term":[{"taxonomy":"category","embeddable":true,"href":"https:\/\/staging.ivg.it\/ediapi\/wp\/v2\/categories?post=500590"},{"taxonomy":"post_tag","embeddable":true,"href":"https:\/\/staging.ivg.it\/ediapi\/wp\/v2\/tags?post=500590"}],"curies":[{"name":"wp","href":"https:\/\/api.w.org\/{rel}","templated":true}]}}