{"id":500285,"date":"2020-06-27T18:21:19","date_gmt":"2020-06-27T16:21:19","guid":{"rendered":"http:\/\/www.ivg.it\/?p=500285"},"modified":"2020-06-27T18:22:44","modified_gmt":"2020-06-27T16:22:44","slug":"carcarese-settore-giovanile-la-new-entry-leonardo-vargiu-e-il-responsabile-thomas-comparato-raccontano-obiettivi-e-progetti","status":"publish","type":"post","link":"https:\/\/staging.ivg.it\/2020\/06\/carcarese-settore-giovanile-la-new-entry-leonardo-vargiu-e-il-responsabile-thomas-comparato-raccontano-obiettivi-e-progetti\/","title":{"rendered":"Carcarese, settore giovanile: la new entry Leonardo Vargiu e il responsabile Thomas Comparato raccontano obiettivi e progetti"},"content":{"rendered":"<p class=\"v1MsoNormal\"><b>Carcare. Continua il processo di crescita dell&#8217;Olimpia Carcarese che d\u00e0 ufficialmente il benvenuto al nuovo responsabile organizzativo Leonardo Vargiu<\/b>, il quale affiancher\u00e0 il responsabile del settore giovanile <strong>Thomas Comparato.<\/strong><\/p>\n<p class=\"v1MsoNormal\">&#8220;Dopo quattro anni a Dego, ho deciso di accettare questa nuova avventura perch\u00e9 mi trovo perfettamente in linea con il progetto della societ\u00e0 &#8211; commenta <strong>Vargiu<\/strong> -. A Carcare, dove sono nato e dove tutt&#8217;ora abito \u00e8 iniziata la mia storia nel calcio, qui ho dato i miei primi calci al pallone e per me \u00e8 un onore e una grande soddisfazione poter lavorare per far rivivere le stesse emozioni ad altri bambini valbormidesi.\u00a0<b>L&#8217;obiettivo \u00e8 ricreare il settore giovanile che c&#8217;era un tempo, fiorente e di alto livello<\/b>&#8220;.<\/p>\n<p class=\"v1MsoNormal\">Grande soddisfazione anche per <strong>Comparato:<\/strong> &#8220;Ho avuto il piacere di conoscerlo durante lo scorso anno e sono contento che abbia accettato di entrare a far parte della famiglia biancorossa per occuparsi insieme a me del settore giovanile. \u00c8 una persona genuina che si impegna tantissimo e sono sicuro che sar\u00e0 un tassello fondamentale per la nostra crescita.\u00a0<b>Il prossimo anno<\/b>, infatti,<b>\u00a0abbiamo deciso di aumentare il numero di squadre del settore giovanile, ci concentreremo su Primi Calci, Piccoli Amici, Pulcini ed Esordienti<\/b>&#8220;.<\/p>\n<p class=\"v1MsoNormal\"><strong>Comparato<\/strong> poi si sofferma sui valori che caratterizzeranno il lavoro svolto con i giovani calciatori: &#8220;Stiamo cercando di costruire qualcosa di importante per Carcare, in quanto lo sport e nello specifico il calcio sono sempre stati un riferimento per i bambini e i ragazzi del paese.\u00a0<b>Le tre parole magiche sono divertimento, educazione e rispetto: principi che abbiamo gi\u00e0 iniziato a trasmettere l&#8217;anno scorso e che sono la base\u00a0 per costruire qualcosa di solido<\/b>&#8220;.<\/p>\n<p class=\"v1MsoNormal\">Oltre al settore giovanile,\u00a0<b>la societ\u00e0 si \u00e8 impegnata e si impegner\u00e0 anche nella realizzazione di numerose iniziative sociali che coinvolgano scuole e giovani.<\/b>\u00a0&#8220;La scorsa stagione si \u00e8 conclusa a met\u00e0 &#8211; spiega <strong>Comparato<\/strong> -, proprio sul pi\u00f9 bello, mentre stavamo concludendo interessanti collaborazioni con le scuole per attivit\u00e0 anche extra calcistiche, come il progetto del Coni &#8216;Sport per tutti&#8217;, volto a consentire ai ragazzi pi\u00f9 bisognosi di praticare sport, con grande orgoglio la Carcarese \u00e8 stata l&#8217;associazione sportiva della Provincia ad avere pi\u00f9 adesioni. Da ricordare anche l&#8217;iniziativa &#8216;Ragazzi in gioco&#8217; in collaborazione con l&#8217;Istituto Comprensivo di Carcare che permetteva agli studenti delle Medie di trascorrere le ore di educazione fisica al Corrent. Il successo di questi progetti \u00e8 per la maggior parte opera del nostro presidente Dino Vercelli, un vero vulcano di idee. In cantiere ci sono ancora tante novit\u00e0, alcune delle quali mi sono state suggerite da Vargiu e potrebbero partire gi\u00e0 quest&#8217;estate!&#8221;.<\/p>\n<p class=\"v1MsoNormal\"><b>Gli ottimi risultati ottenuti in questo primo anno della nuova presidenza Vercelli sono derivati da un costante e stimolante lavoro di collaborazione tra tutto lo staff biancorosso<\/b>, come sottolinea lo stesso Comparato: &#8220;Ovviamente non si pu\u00f2 fare tutto da soli. Sono stato felicissimo di collaborare con\u00a0<b>Matteo Siri e Paolino Alloisio<\/b>, che hanno costituito un gruppo fantastico con la Juniores che il prossimo anno affronter\u00e0 il campionato di Seconda Categoria, cos\u00ec come \u00e8 stato un piacere collaborare con\u00a0<b>Loris Chiarlone e Aldo Gepponi<\/b>\u00a0per quanto riguarda gli allievi. Infine sono stati fondamentali\u00a0<b>Stefania Resio<\/b>\u00a0(a cui devo ancora un aperitivo), che grazie alla sua esperienza in soli sei mesi mi ha insegnato tanto.\u00a0<b>Davide Manfredi<\/b>, che nonostante la giovane et\u00e0 si \u00e8 dimostrato un ragazzo disponibile e in gamba oltre ogni aspettativa e i suoi due vice mister,\u00a0<b>Calogero Boscarino e Nico Franco<\/b>. Stiamo parlando del prossimo anno e sono in attesa di una conferma compatibilmente con impegni lavorativi e universitari. Non mi resta che fare un in bocca al lupo a tutti i biancorossi per la prossima stagione. Vamos Carcarese, falla girare!&#8221;.<\/p>\n","protected":false},"excerpt":{"rendered":"<p>La societ\u00e0 valbormidese conferma la propria intenzione di dedicare sempre maggiori attenzioni alle nuove leve<\/p>\n","protected":false},"author":18,"featured_media":0,"comment_status":"open","ping_status":"closed","sticky":false,"template":"","format":"standard","meta":{"footnotes":""},"categories":[45296,182,32],"tags":[85989,5327,57478,719],"class_list":["post-500285","post","type-post","status-publish","format-standard","hentry","category-copertina","category-calcio","category-sport","tag-calcio","tag-calcio-giovanile","tag-olimpia-carcarese","tag-prima-categoria","post_cat_citta-carcare","post_tag_personaggi-leonardo-vargiu","post_tag_personaggi-thomas-comparato"],"amp_validity":null,"amp_enabled":true,"_links":{"self":[{"href":"https:\/\/staging.ivg.it\/ediapi\/wp\/v2\/posts\/500285","targetHints":{"allow":["GET"]}}],"collection":[{"href":"https:\/\/staging.ivg.it\/ediapi\/wp\/v2\/posts"}],"about":[{"href":"https:\/\/staging.ivg.it\/ediapi\/wp\/v2\/types\/post"}],"author":[{"embeddable":true,"href":"https:\/\/staging.ivg.it\/ediapi\/wp\/v2\/users\/18"}],"replies":[{"embeddable":true,"href":"https:\/\/staging.ivg.it\/ediapi\/wp\/v2\/comments?post=500285"}],"version-history":[{"count":0,"href":"https:\/\/staging.ivg.it\/ediapi\/wp\/v2\/posts\/500285\/revisions"}],"wp:attachment":[{"href":"https:\/\/staging.ivg.it\/ediapi\/wp\/v2\/media?parent=500285"}],"wp:term":[{"taxonomy":"category","embeddable":true,"href":"https:\/\/staging.ivg.it\/ediapi\/wp\/v2\/categories?post=500285"},{"taxonomy":"post_tag","embeddable":true,"href":"https:\/\/staging.ivg.it\/ediapi\/wp\/v2\/tags?post=500285"}],"curies":[{"name":"wp","href":"https:\/\/api.w.org\/{rel}","templated":true}]}}