{"id":500186,"date":"2020-06-26T13:55:30","date_gmt":"2020-06-26T11:55:30","guid":{"rendered":"http:\/\/www.ivg.it\/?p=500186"},"modified":"2020-06-26T13:55:30","modified_gmt":"2020-06-26T11:55:30","slug":"pietra-carrara-attacca-lamministarzione-sullorario-del-consiglio-comunale","status":"publish","type":"post","link":"https:\/\/staging.ivg.it\/2020\/06\/pietra-carrara-attacca-lamministarzione-sullorario-del-consiglio-comunale\/","title":{"rendered":"Pietra, Carrara attacca l&#8217;amministarzione sull&#8217;orario del consiglio comunale"},"content":{"rendered":"<p><strong>Pietra Ligure<\/strong>. \u201cFar far s\u00ec che le sedute del consiglio comunale vengano convocate in orari serali per dar modo ai cittadini di seguirle in contemporanea allo svolgimento della seduta; di allargare la trasmissione delle sedute del consiglio comunale, oltre che via streaming, anche tramite un canale televisivo, come gi\u00e0 avviene per altri Comuni, come ad esempio Alassio o Imperia ed altri; di far svolgere le sedute del consiglio comunale, non pi\u00f9 a porte chiuse ma consentendo la partecipazione dei cittadini con gli opportuni dustanziamenti, o contingentandone il numero o svolgendo le sedute in altra sede come la Chiesa vecchia di Pietra Ligure, adatta a distanziamenti per pi\u00f9 persone\u201d. Sono queste le richieste contenute nella mozione presentata da Mario Carrara, consigliere di minoranza di Pietra Ligure.<\/p>\n<p>\u201cUna volta, quando il concetto di &#8216;democrazia&#8217; non era un &#8216;optional&#8217;, ma era una cosa vera e sentita, per invogliare la partecipazione dei cittadini, cio\u00e8 per &#8216;renderli partecipi&#8217; alla vita amministrativa della citt\u00e0 i Consigli Comunali venivano convocati nelle ore serali, per dar modo a tutti, dopo una giornata di lavoro, di intervenire alle sedute, di presenziare ed assistere alle fasi di assunzione delle decisioni riguardanti la vita della loro citt\u00e0; se si vuole, anche di controllare l&#8217;operato in Consiglio dei propri rappresentanti eletti, al fine di verificare se adempivano o meno al mandato loro conferito, circa gli impegni e le promesse fatte per avere il voto durante la campagna elettorale. In pratica, dopo la giornata dedicata al proprio lavoro, le ore serali potevano essere dedicate &#8216;al dovere civico&#8217;, alla partecipazione per le &#8216;cose pubbliche&#8217;, che riguardavano tutti: cio\u00e8, alla collettivit\u00e0\u201d.<\/p>\n<p>\u201cOggi, che a Pietra siede un sindaco che vanta di appartenere ad un partito che si chiama &#8216;democratico&#8217; , le cose sembra che stiano marciando&#8217;in senso contrario alla democrazia.<br \/>\nLa partecipazione della gente alle scelte del Consiglio non solo \u00e9 scoraggiata e disincentivata, ma, addirittura, \u00e9 aborrita. Come spiegare, dunque, una convocazione fatta in piena mattinata e di luned\u00ec, poi spostato al successivo venerd\u00ec, giorno lavorativo? E, poi, per di pi\u00f9, approfittando ancora delle forme di prevenzione dell&#8217;emergenza Coronavirus, ancora a porte chiuse? Ma come si pu\u00f2 accettare ancora una misura di tal genere, mentre le spiagge sono colme di gente, i cinema riaprono, i locali di intrattenimento pure, i mercati, i ristoranti, i bar hanno riaperto, i treni ed i mezzi pubblici hanno ripreso, pur nei distanziamenti, i loro servizi, nelle chiese possono, giustamente, di nuovo celebrarsi le funzioni, mentre i consigli comunali devono svolgersi senza la partecipazione, pur distanziata, dei cittadini? Di tutte le situazioni citate, gli unici cittadini pericolosi, infettibili e potenzialmente infetti sono solo quelli che verrebbero ai consigli comunali? Non si poteva, se non c&#8217;erano distanze sufficienti nella sala del Consiglio di Pietra Ligure, effettuare la seduta in un luogo pi\u00f9 &#8216;largo&#8217; e capiente? Come, ad esempio, la chiesa vecchia di Pietra, nella quale, nel 2004, pur si svolgevano regolarmente i consigli comunali e che, in un remoto passato fu sede delle riunioni del Parlamento della citt\u00e0? E non si venga a dire che la seduta del consiglio comunale si pu\u00f2 seguire via streaming, perch\u00e9 alle 10 del mattino di luned\u00ec o di venerd\u00ec la stragrande maggioranza della gente deve seguire le proprie occupazioni ed incombenze, n\u00e9 ha nessun senso dire che la seduta si pu\u00f2 anche vedere registrata\u201d.<\/p>\n<p>\u201cEppure, nel consiglio comunale del 29 giugno, spostato al 3 luglio, ci sono punti importanti di interesse generale, come la approvazione della variazione del bilancio, per cui i cittadini potrebbero controllare direttamente &#8216;come&#8217; questa Amministrazione stia spendendo i loro soldi, profusi in ingenti tasse ed imposte al Comune; oppure, citiamo a caso, proprio i &#8216;rinvii&#8217; richiesti, in tempo e non concessi dal Sindaco, circa i pagamenti dell&#8217;IMU, oppure la questione delle antenne sospette abusive sul territorio o la seria questione del 5G nello stesso territorio del Comune. Invece, niente: l&#8217;amministrazione comunale fa svolgere la seduta del consiglio in un orario che sembra studiato apposta affinch\u00e9 nessuno possa seguire quello che avviene in consiglio; facendo diventare la convocazione del consiglio comunale alla stregua di quelle convocazioni delle assemblee di condominio convocate in prima convocazione alle tre di notte, affinch\u00e9 non ci vada nessuno; qui non siamo (ancora) alle &#8216;tre di notte&#8217;, ma le dieci del mattino di luned\u00ec equivalgono alla stessa cosa. Siamo diventati quasi come una riunione di condominio.<\/p>\n<p>\u201cPossiamo capire l&#8217;imbarazzo e la paura del Sindaco ad affrontare i punti del bilancio e delle imposte all&#8217;ordine del giorno, sotto lo sguardo ed il controllo della gente, visto che, nell&#8217;ultimo consiglio comunale in cui si \u00e8 trattato di bilancio e finanze, accusato di essere &#8216;un incompetente&#8217; a gestire la materia, ha confermato egli stesso di esserlo, dicendo che lui ha solo la responsabilit\u00e0 politica mentre il bilancio lo fa il ragioniere.<\/p>\n<p>\u201cTuttavia, la regola di democrazia vuole che le questioni pubbliche vengano trattate in pubblico e, anche se si ha paura di farlo in pubblico, bisogna farsene una ragione: la regola \u00e9 questa e non si devono trovare degli escamotage, solo corretti nella forma, per disapplicarla o eluderla. Il fatto, poi, che il sindaco appartenga al Partito Democratico non conferisce al Sindaco automaticamente la patente di democrazia per tutto quello che tocca e fa, perch\u00e9 com&#8217;\u00e8 in questo caso, un consiglio &#8216;a parte chiuse&#8217;, alle 10 del mattino di un giorno lavorativo, come pure foss&#8217;anche alle tre di notte, sa di una cosa che con la democrazia non c&#8217;entra, posto che, in cuor suo, De Vincenzi sia davvero : un democratico, non solo del partito tale\u201d.<\/p>\n","protected":false},"excerpt":{"rendered":"<p>&#8220;Quando la mancanza di democrazia e la paura di affrontare i consigli fanno convocare le assemblea al luned\u00ec o al venerd\u00ec mattina alle 10 e a porte chiuse&#8221;<\/p>\n","protected":false},"author":12120,"featured_media":0,"comment_status":"open","ping_status":"closed","sticky":false,"template":"","format":"standard","meta":{"footnotes":""},"categories":[45296,31],"tags":[12936],"class_list":["post-500186","post","type-post","status-publish","format-standard","hentry","category-copertina","category-politica","tag-comune-di-pietra-ligure","post_cat_citta-pietra-ligure","post_tag_personaggi-luigi-de-vincenzi","post_tag_personaggi-mario-carrara"],"amp_validity":null,"amp_enabled":true,"_links":{"self":[{"href":"https:\/\/staging.ivg.it\/ediapi\/wp\/v2\/posts\/500186","targetHints":{"allow":["GET"]}}],"collection":[{"href":"https:\/\/staging.ivg.it\/ediapi\/wp\/v2\/posts"}],"about":[{"href":"https:\/\/staging.ivg.it\/ediapi\/wp\/v2\/types\/post"}],"author":[{"embeddable":true,"href":"https:\/\/staging.ivg.it\/ediapi\/wp\/v2\/users\/12120"}],"replies":[{"embeddable":true,"href":"https:\/\/staging.ivg.it\/ediapi\/wp\/v2\/comments?post=500186"}],"version-history":[{"count":0,"href":"https:\/\/staging.ivg.it\/ediapi\/wp\/v2\/posts\/500186\/revisions"}],"wp:attachment":[{"href":"https:\/\/staging.ivg.it\/ediapi\/wp\/v2\/media?parent=500186"}],"wp:term":[{"taxonomy":"category","embeddable":true,"href":"https:\/\/staging.ivg.it\/ediapi\/wp\/v2\/categories?post=500186"},{"taxonomy":"post_tag","embeddable":true,"href":"https:\/\/staging.ivg.it\/ediapi\/wp\/v2\/tags?post=500186"}],"curies":[{"name":"wp","href":"https:\/\/api.w.org\/{rel}","templated":true}]}}