{"id":500017,"date":"2020-06-24T14:37:30","date_gmt":"2020-06-24T12:37:30","guid":{"rendered":"http:\/\/www.ivg.it\/?p=500017"},"modified":"2020-06-24T14:45:20","modified_gmt":"2020-06-24T12:45:20","slug":"calcetto-e-sport-di-contatto-il-ministro-ho-dato-il-mio-ok-per-riprendere-da-domani","status":"publish","type":"post","link":"https:\/\/staging.ivg.it\/2020\/06\/calcetto-e-sport-di-contatto-il-ministro-ho-dato-il-mio-ok-per-riprendere-da-domani\/","title":{"rendered":"Calcetto e sport di contatto, il ministro: &#8220;Ho dato il mio ok per riprendere da domani&#8221;"},"content":{"rendered":"<p><strong>Savona.<\/strong> Calcetto, pallavolo, basket, pallanuoto. E anche danza, pugilato, arti marziali&#8230;\u00a0<strong>Ci siamo quasi: lo sport sta per ricevere il via libera, per poter tornare alla sua normalit\u00e0.<\/strong> L&#8217;ufficializzazione \u00e8 attesa nelle prossime ore.<\/p>\n<p>&#8220;<strong>Ho dato parere favorevole alla riapertura degli sport di contatto. Manca solo l&#8217;assenso del ministro della salute Roberto Speranza<\/strong>&#8220;. \u00c8 l&#8217;annuncio fatto in un post su Facebook<strong> dal ministro per lo sport Vincenzo Spadafora.<\/strong><\/p>\n<p>&#8220;<strong>Mi avete scritto e fatto sentire con forza,<\/strong> dopo che il Consiglio dei ministri ha deciso lo slittamento dal 18 al 25 giugno per la ripresa degli sport di contatto,<strong> la voglia e la necessit\u00e0 di ricominciare a giocare nei centri sportivi di tutto il Paese<\/strong> &#8211; dichiara -, consentendo a migliaia di gestori e lavoratori di riprendere le loro attivit\u00e0. Per questo, prima dei termini previsti, ho incontrato in videoconferenza il presidente Bonaccini e i rappresentanti della Conferenza delle Regioni e delle Province autonome, che <strong>hanno stilato le indicazioni per la ripresa immediata, che saranno approvate domani<\/strong>&#8220;, spiega Spadafora.<\/p>\n<p>&#8220;Gi\u00e0 ieri &#8211; conclude &#8211; ho anticipato il mio<strong> parere favorevole<\/strong> alla riapertura. <strong>Manca solo l&#8217;assenso del ministro Speranza: appena lo dar\u00e0 si potr\u00e0 ricominciare<\/strong>&#8220;. L&#8217;auspicio, quindi, \u00e8 di poter tornare a giocare gi\u00e0 da domani, gioved\u00ec 25 giugno.<\/p>\n","protected":false},"excerpt":{"rendered":"<p>Manca solamente l&#8217;assenso del ministro della salute Roberto Speranza<\/p>\n","protected":false},"author":18,"featured_media":0,"comment_status":"open","ping_status":"closed","sticky":false,"template":"","format":"standard","meta":{"footnotes":""},"categories":[32],"tags":[905,9624,166,85997],"class_list":["post-500017","post","type-post","status-publish","format-standard","hentry","category-sport","tag-basket","tag-calcetto","tag-pallanuoto","tag-pallavolo","post_tag_personaggi-vincenzo-spadafora"],"amp_validity":null,"amp_enabled":true,"_links":{"self":[{"href":"https:\/\/staging.ivg.it\/ediapi\/wp\/v2\/posts\/500017","targetHints":{"allow":["GET"]}}],"collection":[{"href":"https:\/\/staging.ivg.it\/ediapi\/wp\/v2\/posts"}],"about":[{"href":"https:\/\/staging.ivg.it\/ediapi\/wp\/v2\/types\/post"}],"author":[{"embeddable":true,"href":"https:\/\/staging.ivg.it\/ediapi\/wp\/v2\/users\/18"}],"replies":[{"embeddable":true,"href":"https:\/\/staging.ivg.it\/ediapi\/wp\/v2\/comments?post=500017"}],"version-history":[{"count":0,"href":"https:\/\/staging.ivg.it\/ediapi\/wp\/v2\/posts\/500017\/revisions"}],"wp:attachment":[{"href":"https:\/\/staging.ivg.it\/ediapi\/wp\/v2\/media?parent=500017"}],"wp:term":[{"taxonomy":"category","embeddable":true,"href":"https:\/\/staging.ivg.it\/ediapi\/wp\/v2\/categories?post=500017"},{"taxonomy":"post_tag","embeddable":true,"href":"https:\/\/staging.ivg.it\/ediapi\/wp\/v2\/tags?post=500017"}],"curies":[{"name":"wp","href":"https:\/\/api.w.org\/{rel}","templated":true}]}}