{"id":499798,"date":"2020-06-22T10:43:48","date_gmt":"2020-06-22T08:43:48","guid":{"rendered":"http:\/\/www.ivg.it\/?p=499798"},"modified":"2020-06-22T12:05:19","modified_gmt":"2020-06-22T10:05:19","slug":"cup-pastorino-linea-condivisa-falsi-annunci-sulla-riapertura-un-altro-disastro-del-duo-toti-viale","status":"publish","type":"post","link":"https:\/\/staging.ivg.it\/2020\/06\/cup-pastorino-linea-condivisa-falsi-annunci-sulla-riapertura-un-altro-disastro-del-duo-toti-viale\/","title":{"rendered":"Cup, Pastorino (Linea Condivisa): &#8220;Falsi annunci, un altro disastro di Toti e Viale&#8221;"},"content":{"rendered":"<p><strong>Liguria.<\/strong> &#8220;La frittata \u00e8 fatta&#8221;, dichiara il vicepresidente della Commissione Regionale Sanit\u00e0 e presidente del gruppo consiliare Linea Condivisa Giovanni Battista Pastorino circa l&#8217;annuncio della Giunta Toti sulla riapertura dei CUP. &#8220;Dopo aver rinviato per giorni e giorni la riapertura e averla annunciata per il 22 giugno si scopre che una parte consistente degli uffici \u00e8 materialmente chiusa e l&#8217;altra non pu\u00f2 erogare prestazioni, generando una totale confusione&#8221;, prosegue l&#8217;esponente politico.<\/p>\n<p>Il fenomeno si \u00e8 presentato anche a Savona: a partire da oggi avrebbe dovuto riprendere a pieno regime l\u2019attivit\u00e0 di specialistica ambulatoriale, dei centri prelievo e la relativa prenotazione a mezzo CUP per tutte le classi di priorit\u00e0 anche in ASL 2. Diverse persone si sono quindi presentate in via Alessandro Manzoni, nel centro storico, con la convinzione di poter usufruire appieno del servizio e accedere fisicamente agli sportelli. Invece si possono fissare solo gli esami urgenti.<\/p>\n<p>&#8220;Questa mattina, per le scarse informazioni fornite da Regione Liguria e ALISA, si sono presentate numerose persone davanti ai CUP, convinti di poter prenotare la propria visita &#8211; conferma il vicepresidente &#8211; Peccato per\u00f2 che al momento le prenotazioni si possano fare solo attraverso call center, studi di medicina generale, farmacie: ecco perch\u00e9 quei pochi CUP aperti non possono espletare le proprie funzioni&#8221;.<\/p>\n<p>&#8220;In realt\u00e0 la finalit\u00e0 dei CUP distrettuali, questa mattina, \u00e8 calmare gli animi della popolazione &#8211; dice ancora Gianni Pastorino &#8211; Questo \u00e8 un altro fulminante esempio della gestione sanitaria della Giunta Toti: si capisce ancora una volta come non vi sia contezza da parte di questa amministrazione che la Liguria sia una delle Regioni pi\u00f9 anziane di Europa e che tale fascia di popolazione in particolare non non pu\u00f2 e non deve essere lasciata sola e abbandonata da un livello di disorganizzazione che ogni giorno ci lascia senza parole&#8221;.<\/p>\n<p>&#8220;I disastri gestionali dell&#8217;assessore Viale e di ALISA si possono cos\u00ec riassumere: enormi disagi per utenti e operatori, che si trovano a sostenere un difficoltoso impatto con la popolazione non per loro scelta ma per incapacit\u00e0 manifeste di chi \u00e8 chiamato a governare, si spera ancora per poco. Insomma un&#8217;altra giornata da ricordare per l&#8217;inezia della Giunta Regionale sulle spalle della comunit\u00e0 ligure&#8221;, conclude Pastorino.<\/p>\n","protected":false},"excerpt":{"rendered":"<p>&#8220;Una parte degli uffici \u00e8 chiusa e l&#8217;altra non pu\u00f2 erogare prestazioni&#8221;<\/p>\n","protected":false},"author":11510,"featured_media":0,"comment_status":"open","ping_status":"closed","sticky":false,"template":"","format":"standard","meta":{"footnotes":""},"categories":[56,31],"tags":[100668,5669],"class_list":["post-499798","post","type-post","status-publish","format-standard","hentry","category-altre","category-politica","tag-cup-liguria","tag-sanita-ligure","post_cat_citta-genova","post_cat_citta-savona","post_tag_personaggi-gianni-pastorino"],"amp_validity":null,"amp_enabled":true,"_links":{"self":[{"href":"https:\/\/staging.ivg.it\/ediapi\/wp\/v2\/posts\/499798","targetHints":{"allow":["GET"]}}],"collection":[{"href":"https:\/\/staging.ivg.it\/ediapi\/wp\/v2\/posts"}],"about":[{"href":"https:\/\/staging.ivg.it\/ediapi\/wp\/v2\/types\/post"}],"author":[{"embeddable":true,"href":"https:\/\/staging.ivg.it\/ediapi\/wp\/v2\/users\/11510"}],"replies":[{"embeddable":true,"href":"https:\/\/staging.ivg.it\/ediapi\/wp\/v2\/comments?post=499798"}],"version-history":[{"count":0,"href":"https:\/\/staging.ivg.it\/ediapi\/wp\/v2\/posts\/499798\/revisions"}],"wp:attachment":[{"href":"https:\/\/staging.ivg.it\/ediapi\/wp\/v2\/media?parent=499798"}],"wp:term":[{"taxonomy":"category","embeddable":true,"href":"https:\/\/staging.ivg.it\/ediapi\/wp\/v2\/categories?post=499798"},{"taxonomy":"post_tag","embeddable":true,"href":"https:\/\/staging.ivg.it\/ediapi\/wp\/v2\/tags?post=499798"}],"curies":[{"name":"wp","href":"https:\/\/api.w.org\/{rel}","templated":true}]}}