{"id":499780,"date":"2020-06-21T19:57:16","date_gmt":"2020-06-21T17:57:16","guid":{"rendered":"http:\/\/www.ivg.it\/?p=499780"},"modified":"2020-06-21T19:58:30","modified_gmt":"2020-06-21T17:58:30","slug":"area-calcio-andora-due-nuovi-innesti-nel-consiglio-direttivo","status":"publish","type":"post","link":"https:\/\/staging.ivg.it\/2020\/06\/area-calcio-andora-due-nuovi-innesti-nel-consiglio-direttivo\/","title":{"rendered":"Area Calcio Andora, due nuovi innesti nel consiglio direttivo"},"content":{"rendered":"<p><strong>Andora.<\/strong> L&#8217;<strong>Area Calcio Andora Asd<\/strong> annuncia <strong>due nuovi innesti nel consiglio direttivo<\/strong>. Rispondono ai nomi di <strong>Sergio Oneglio,<\/strong> che diriger\u00e0 lo staff della cucina negli eventi e manifestazioni organizzati dalla societ\u00e0, e di <strong>Elia Purita,<\/strong> che oltre a mantenere il ruolo di preparatore dei portieri della prima squadra e della Juniores si occuper\u00e0 della gestione canali social e comunicazione oltre a collaborare all&#8217;organizzazione dei tornei.<\/p>\n<p><strong>Il nuovo consiglio direttivo della societ\u00e0 andorese si \u00e8 subito messo al lavoro e sta valutando in questi giorni la possibilit\u00e0 di dare vita ad squadra Juniores,<\/strong> oltre alla formazione della<strong> prima squadra<\/strong>, in collaborazione con mister Giancarlo Delfino, passando dalla <strong>conferma di parte del blocco della scorsa stagione<\/strong> e vagliando l\u2019inserimento di nuovi giocatori.<\/p>\n<p>Compatibilmente con il Dpcm in imminente uscita da parte del Governo, <strong>verr\u00e0 realizzata la consueta Luglio Fest, dal 16 al 19 luglio,<\/strong> con annessi un <strong>torneo di calcio a 5<\/strong> ed un <strong>evento enogastronomico<\/strong> che per quest\u2019anno avr\u00e0 la formula dello &#8220;street food&#8221;, in modo da rispettare le linee guida regionali.<\/p>\n","protected":false},"excerpt":{"rendered":"<p>La societ\u00e0 sta lavorando all&#8217;organizzazione della Luglio Fest<\/p>\n","protected":false},"author":18,"featured_media":0,"comment_status":"open","ping_status":"closed","sticky":false,"template":"","format":"standard","meta":{"footnotes":""},"categories":[45296,182,32],"tags":[94633,85989,108517,719],"class_list":["post-499780","post","type-post","status-publish","format-standard","hentry","category-copertina","category-calcio","category-sport","tag-area-calcio-andora","tag-calcio","tag-luglio-fest","tag-prima-categoria","post_cat_citta-andora","post_tag_personaggi-elia-purita","post_tag_personaggi-sergio-oneglio"],"amp_validity":null,"amp_enabled":true,"_links":{"self":[{"href":"https:\/\/staging.ivg.it\/ediapi\/wp\/v2\/posts\/499780","targetHints":{"allow":["GET"]}}],"collection":[{"href":"https:\/\/staging.ivg.it\/ediapi\/wp\/v2\/posts"}],"about":[{"href":"https:\/\/staging.ivg.it\/ediapi\/wp\/v2\/types\/post"}],"author":[{"embeddable":true,"href":"https:\/\/staging.ivg.it\/ediapi\/wp\/v2\/users\/18"}],"replies":[{"embeddable":true,"href":"https:\/\/staging.ivg.it\/ediapi\/wp\/v2\/comments?post=499780"}],"version-history":[{"count":0,"href":"https:\/\/staging.ivg.it\/ediapi\/wp\/v2\/posts\/499780\/revisions"}],"wp:attachment":[{"href":"https:\/\/staging.ivg.it\/ediapi\/wp\/v2\/media?parent=499780"}],"wp:term":[{"taxonomy":"category","embeddable":true,"href":"https:\/\/staging.ivg.it\/ediapi\/wp\/v2\/categories?post=499780"},{"taxonomy":"post_tag","embeddable":true,"href":"https:\/\/staging.ivg.it\/ediapi\/wp\/v2\/tags?post=499780"}],"curies":[{"name":"wp","href":"https:\/\/api.w.org\/{rel}","templated":true}]}}