{"id":499525,"date":"2020-06-18T15:38:18","date_gmt":"2020-06-18T13:38:18","guid":{"rendered":"http:\/\/www.ivg.it\/?p=499525"},"modified":"2020-06-18T15:43:47","modified_gmt":"2020-06-18T13:43:47","slug":"raddoppio-ferroviario-a-ponente-toti-tutto-posticipato-per-colpa-di-un-solo-partito","status":"publish","type":"post","link":"https:\/\/staging.ivg.it\/2020\/06\/raddoppio-ferroviario-a-ponente-toti-tutto-posticipato-per-colpa-di-un-solo-partito\/","title":{"rendered":"Raddoppio ferroviario a ponente, Toti: &#8220;Tutto posticipato per colpa di un solo partito&#8221;"},"content":{"rendered":"<p><strong>Andora. <\/strong>Questa mattina, nell&#8217;ambito di un programmato tour giornaliero nel ponente ligure, il governatore <strong>Giovanni Toti<\/strong> \u00e8 tornato a parlare di <strong>raddoppio ferroviario<\/strong>, uno dei grandi temi che da sempre riguardano la parte pi\u00f9 a ponente della Regione.<\/p>\n<p>&#8220;E&#8217; una cosa di cui ci occupiamo quotidianamente &#8211; ha detto Toti a margine dell&#8217;incontro con il sindaco di Andora <strong>Mauro Demichelis<\/strong> &#8211; con carteggi, lettere ed epistole. Ormai \u00e8 un genere letterario quello che stiamo mettendo in campo con il Ministero. <strong>Sono stati stanziati 10 milioni di euro per l&#8217;aggiornamento del progetto<\/strong>, mi sembra il minimo indispensabile. Non ho visto il progetto nel Piano Strategico da 200 miliardi presentato dal Ministero al Sole 24 Ore due giorni fa, cosa di cui mi sono gi\u00e0 lamentato con il presidente <strong>Conte<\/strong> e i ministri durante gli Stati Generali a cui ho partecipato come vicepresidente della Conferenza delle Regioni&#8221;.<\/p>\n<p>&#8220;Ho chiesto che, se si fa un piano &#8216;Italia Veloce&#8217; di infrastrutture, i piani regionali di infrastrutture strategiche vengano assunti in quel piano o almeno negoziati &#8211; ha proseguito Toti -. Se si pretende, come si \u00e8 fatto finora, di anticipare, fare, disfare o bloccare cantieri sulla base della volont\u00e0 o delle priorit\u00e0 di qualcuno a Roma e non del territorio, continueremo a sbagliare gli investimenti di questo Paese. E&#8217; paradossale, se ci pensate. In Liguria, per volont\u00e0 di un solo partito (il riferimento \u00e8 al <strong>MoVimento 5 Stelle<\/strong>, ndr), la ferrovia del Ponente viene posticipata e la vorrebbero tutti, cos\u00ec come la <strong>Gronda<\/strong>. C&#8217;\u00e8 <strong>qualcosa <\/strong>che<strong> non va nella programmazione delle opere strategiche di questa regione<\/strong>&#8221; ha concluso.<\/p>\n","protected":false},"excerpt":{"rendered":"<p>&#8220;C&#8217;\u00e8 qualcosa che non va nella programmazione delle opere strategiche di questa regione&#8221;<\/p>\n","protected":false},"author":10593,"featured_media":0,"comment_status":"open","ping_status":"closed","sticky":false,"template":"","format":"standard","meta":{"footnotes":""},"categories":[45296,56,31],"tags":[636,24749,108],"class_list":["post-499525","post","type-post","status-publish","format-standard","hentry","category-copertina","category-altre","category-politica","tag-ferrovie","tag-raddoppio-ferroviario","tag-viabilita","post_cat_citta-andora","post_tag_personaggi-giovanni-toti","post_tag_personaggi-mauro-demichelis"],"amp_validity":null,"amp_enabled":true,"_links":{"self":[{"href":"https:\/\/staging.ivg.it\/ediapi\/wp\/v2\/posts\/499525","targetHints":{"allow":["GET"]}}],"collection":[{"href":"https:\/\/staging.ivg.it\/ediapi\/wp\/v2\/posts"}],"about":[{"href":"https:\/\/staging.ivg.it\/ediapi\/wp\/v2\/types\/post"}],"author":[{"embeddable":true,"href":"https:\/\/staging.ivg.it\/ediapi\/wp\/v2\/users\/10593"}],"replies":[{"embeddable":true,"href":"https:\/\/staging.ivg.it\/ediapi\/wp\/v2\/comments?post=499525"}],"version-history":[{"count":0,"href":"https:\/\/staging.ivg.it\/ediapi\/wp\/v2\/posts\/499525\/revisions"}],"wp:attachment":[{"href":"https:\/\/staging.ivg.it\/ediapi\/wp\/v2\/media?parent=499525"}],"wp:term":[{"taxonomy":"category","embeddable":true,"href":"https:\/\/staging.ivg.it\/ediapi\/wp\/v2\/categories?post=499525"},{"taxonomy":"post_tag","embeddable":true,"href":"https:\/\/staging.ivg.it\/ediapi\/wp\/v2\/tags?post=499525"}],"curies":[{"name":"wp","href":"https:\/\/api.w.org\/{rel}","templated":true}]}}