{"id":499356,"date":"2020-06-16T12:30:56","date_gmt":"2020-06-16T10:30:56","guid":{"rendered":"http:\/\/www.ivg.it\/?p=499356"},"modified":"2020-06-16T12:48:37","modified_gmt":"2020-06-16T10:48:37","slug":"savona-chiuso-lufficio-postale-di-via-buozzi-gli-abitanti-lanciano-una-raccolta-di-firme-per-riaprirlo","status":"publish","type":"post","link":"https:\/\/staging.ivg.it\/2020\/06\/savona-chiuso-lufficio-postale-di-via-buozzi-gli-abitanti-lanciano-una-raccolta-di-firme-per-riaprirlo\/","title":{"rendered":"Savona: chiuso l&#8217;ufficio postale di via Buozzi, gli abitanti lanciano una raccolta di firme per riaprirlo"},"content":{"rendered":"<p><strong>Savona.<\/strong> &#8220;In un quartiere popoloso di circa 8mila abitanti, dei quali pi\u00f9 della met\u00e0 decisamente anziani, \u00e8 stato improvvisamente chiuso l&#8217;ufficio postale. In zona non esiste alcuno sportello bancario (a Zinola, Legino, Fornaci e Oltreletimbro si, a piazzale Moroni no): \u00e8 una situazione fortemente inidonea&#8221;. A scriverlo in una nota \u00e8 Francesco Lirosi, ex vicesindaco reggente durante il secondo mandato di Carlo Ruggeri, in merito al fermo imposto all&#8217;ufficio postale di via Buozzi, a Legino, uno degli unici due (su 96) ancora chiusi in provincia (l&#8217;altro \u00e8 ad Alassio) dopo il lockdown.<\/p>\n<p>&#8220;Come pu\u00f2 succedere una cosa del genere? &#8211; chiede Lirosi &#8211; I cittadini debbono recarsi in altri quartieri per le loro specifiche incombenze con evidente disagio. \u00c8 una situazione che potrebbe portare vivo nocumento agli abitanti e persino disgregazione sociale, con depauperamento del normale livello del buon vivere civile&#8221;.<\/p>\n<p>&#8220;Un gruppo di cittadini del quartiere di piazzale Moroni mi ha riferito di essersi rivolti alla direzione delle Poste Italiane ma le risposte pare siano state poco rassicuranti &#8211; spiega &#8211; Ora \u00e8 in corso una raccolta di firme tra i cittadini giustamente indignati&#8221;.<\/p>\n<p>&#8220;Tra Covid, conseguente rallentamento delle entrate degli utenti e immancabile aumento delle difficolt\u00e0 operative per i lavoratori \u00e8 naturale che i servizi siano rallentati, \u00e8 inevitabile, ma la soppressione totale del servizio per un bacino d&#8217;utenza cos\u00ec vasto mi pare inaccettabile&#8221;, dice ancora l&#8217;ex vicesindaco reggente.<\/p>\n<p>&#8220;Le Poste, che ormai non mancano di pubblicizzare insistentemente servizi e assistenza per la cittadinanza, si devono considerare un servizio sociale o semplicemente una ditta qualsiasi, obbligata ad attenersi alle leggi del mercato? E il nostro bel governo cittadino preferisce non interessarsi di simili problemi o addirittura li ignora? Auspico che la direzione delle Poste Italiane voglia rimediare il pi\u00f9 presto possibile a questa situazione veramente dannosa per i cittadini&#8221;, conclude Francesco Lirosi.<\/p>\n","protected":false},"excerpt":{"rendered":"<p>L&#8217;ex vicesindaco Lirosi denuncia: &#8220;La situazione causer\u00e0 disgregazione sociale&#8221;<\/p>\n","protected":false},"author":11510,"featured_media":0,"comment_status":"open","ping_status":"closed","sticky":false,"template":"","format":"standard","meta":{"footnotes":""},"categories":[45296,56],"tags":[86032,1743],"class_list":["post-499356","post","type-post","status-publish","format-standard","hentry","category-copertina","category-altre","tag-legino","tag-poste-italiane","post_cat_citta-savona","post_tag_personaggi-francesco-lirosi-2"],"amp_validity":null,"amp_enabled":true,"_links":{"self":[{"href":"https:\/\/staging.ivg.it\/ediapi\/wp\/v2\/posts\/499356","targetHints":{"allow":["GET"]}}],"collection":[{"href":"https:\/\/staging.ivg.it\/ediapi\/wp\/v2\/posts"}],"about":[{"href":"https:\/\/staging.ivg.it\/ediapi\/wp\/v2\/types\/post"}],"author":[{"embeddable":true,"href":"https:\/\/staging.ivg.it\/ediapi\/wp\/v2\/users\/11510"}],"replies":[{"embeddable":true,"href":"https:\/\/staging.ivg.it\/ediapi\/wp\/v2\/comments?post=499356"}],"version-history":[{"count":0,"href":"https:\/\/staging.ivg.it\/ediapi\/wp\/v2\/posts\/499356\/revisions"}],"wp:attachment":[{"href":"https:\/\/staging.ivg.it\/ediapi\/wp\/v2\/media?parent=499356"}],"wp:term":[{"taxonomy":"category","embeddable":true,"href":"https:\/\/staging.ivg.it\/ediapi\/wp\/v2\/categories?post=499356"},{"taxonomy":"post_tag","embeddable":true,"href":"https:\/\/staging.ivg.it\/ediapi\/wp\/v2\/tags?post=499356"}],"curies":[{"name":"wp","href":"https:\/\/api.w.org\/{rel}","templated":true}]}}