{"id":499309,"date":"2020-06-15T17:49:57","date_gmt":"2020-06-15T15:49:57","guid":{"rendered":"http:\/\/www.ivg.it\/?p=499309"},"modified":"2020-07-09T17:08:20","modified_gmt":"2020-07-09T15:08:20","slug":"%ef%bb%bfle-multe-e-i-veri-problemi-dei-bus","status":"publish","type":"post","link":"https:\/\/staging.ivg.it\/2020\/06\/%ef%bb%bfle-multe-e-i-veri-problemi-dei-bus\/","title":{"rendered":"\ufeffLe multe e i veri problemi dei bus"},"content":{"rendered":"<p>\u00c8 scattato oggi, luned\u00ec 15 giugno, l&#8217;aumento delle multe per chi \u00e8 sorpreso a viaggiare sui bus di Tpl Linea senza biglietto. La multa passa da 30 a 40 euro se si paga entro 5 giorni, con aumenti progressivi con il trascorrere del tempo e incarico finale all&#8217;Agenzia delle Entrate (spauracchio che talvolta funziona) per chi proprio di pagare non vuole saperne.<\/p>\n<p>Non \u00e8 ovviamente la prima volta che l&#8217;azienda savonese dei bus ricorre a un inasprimento delle sanzioni per combattere il fenomeno dei portoghesi, sempre adducendo motivi di rispetto dei regolamenti e di giustizia sociale (per tutelare cio\u00e8 chi il biglietto lo paga regolarmente).<\/p>\n<p>Speriamo che l&#8217;aumento delle multe possa servire, anche perch\u00e9 sar\u00e0 accompagnato &#8211; si avverte &#8211; da controlli pi\u00f9 severi, ma pensiamo che, trascorsi i primi giorni di &#8216;terrore&#8217;, tutto torner\u00e0 come prima. I vertici di Tpl possono dare un&#8217;occhiata alle statistiche sui precedenti aumenti delle multe per avere informazioni ben pi\u00f9 precise della nostra sensazione, e cio\u00e8 che i portoghesi continueranno a fare i portoghesi o, al massimo, non prenderanno pi\u00f9 il bus.<\/p>\n<p>A questo punto \u00e8 forse necessaria una riflessione pi\u00f9 generale sul trasporto pubblico savonese. Chiunque viaggi in bus, per necessit\u00e0 o magari per curiosare, sa bene che a bordo delle corriere si vedono ben poche persone che definiremmo &#8216;attive&#8217;, perch\u00e9 queste ultime il mezzo privato (che comunque non va considerato un lusso ma una scelta legittima) devono usarlo spesso per necessit\u00e0. Possono rendersene conto la presidente Simona Sacone e il direttore generale Giovanni Ferrari Barusso, che ricordiamo giornalista attento e curioso.<\/p>\n<p>Savona \u00e8 una citt\u00e0 che in questi anni vive di miracoli perch\u00e9 sta subendo la crisi di un&#8217;economia post industriale (certa) in attesa di uno sviluppo turistico e culturale ancora largamente incompleto.<br \/>\nIl mezzo pubblico \u00e8 perfetto per citt\u00e0 pi\u00f9 grandi o con economie ben definite, per chi prende bus o metro al mattino per andare al lavoro e alla sera per tornare a casa.<br \/>\nDa noi \u00e8 pi\u00f9 facile che ci si debba spostare da una parte all&#8217;altra della citt\u00e0, a Vado o Albissola, per lavoro, commissioni, impegni personali, divertimento.<\/p>\n<p>Ecco allora che il mezzo pubblico si rivela largamente insufficiente, essendo noto che le finanze pubbliche non consentono una copertura ottimale.<\/p>\n<p>Per\u00f2 alcune piccole grandi cose si potrebbero migliorare, o almeno si potrebbe provare a farlo. Non crediamo intanto che la scelta della forza (aumento del costo dei parcheggi e delle corsie riservate, provvedimenti tanti cari a passate gestioni) siano la scelta giusta. Se uno usa l&#8217;auto perch\u00e9 non ha scelta, o perch\u00e9 gli va di farlo, pagher\u00e0 di pi\u00f9 il parcheggio, poveraccio, ma difficilmente si convertir\u00e0 al bus per i motivi che abbiamo illustrato.<\/p>\n<p>Pi\u00f9 corsie preferenziali? Savona su questo fronte paga gi\u00e0 un prezzo molto alto perch\u00e9 rinuncia a un ponte sul Letimbro, quello all&#8217;altezza del palazzo della Provincia, riservato ai bus quando intenso passaggio di corriere si registra in fasce ben limitate della giornata.<br \/>\nPi\u00f9 corsie preferenziali significa poi, in alcuni casi, pi\u00f9 traffico nel quale finiscono per restare imbottigliate anche le corriere.<br \/>\nE le cose &#8216;piccole&#8217;. Pensiamo ad esempio alla fascia oraria serale, particolarmente penalizzante per chi dovesse usare il servizio pubblico. Non si potrebbe istituire un bus &#8216;scopa&#8217; che parta da Vado e faccia il giro dei quartieri anche dopo l&#8217;ora di Carosello?<\/p>\n<p>Infine, non sarebbe male dare un&#8217;informazione migliore alle fermate, dove ci sono ancora i tabellini degli orari del Dopoguerra: ma molti utenti quelli guardano, nonostante gli avvisi a consultare gli elenchi aggiornati sul sito di Tpl.<\/p>\n","protected":false},"excerpt":{"rendered":"<p>Oggi scatta l&#8217;aumento delle multe per chi \u00e8 sorpreso a viaggiare sui bus di Tpl Linea senza biglietto. Ma forse necessaria una riflessione pi\u00f9 generale sul trasporto pubblico savonese<\/p>\n","protected":false},"author":20377,"featured_media":0,"comment_status":"open","ping_status":"closed","sticky":false,"template":"","format":"standard","meta":{"footnotes":""},"categories":[45296,56],"tags":[113983],"class_list":["post-499309","post","type-post","status-publish","format-standard","hentry","category-copertina","category-altre","tag-oggi-ore-18"],"amp_validity":null,"amp_enabled":true,"_links":{"self":[{"href":"https:\/\/staging.ivg.it\/ediapi\/wp\/v2\/posts\/499309","targetHints":{"allow":["GET"]}}],"collection":[{"href":"https:\/\/staging.ivg.it\/ediapi\/wp\/v2\/posts"}],"about":[{"href":"https:\/\/staging.ivg.it\/ediapi\/wp\/v2\/types\/post"}],"author":[{"embeddable":true,"href":"https:\/\/staging.ivg.it\/ediapi\/wp\/v2\/users\/20377"}],"replies":[{"embeddable":true,"href":"https:\/\/staging.ivg.it\/ediapi\/wp\/v2\/comments?post=499309"}],"version-history":[{"count":0,"href":"https:\/\/staging.ivg.it\/ediapi\/wp\/v2\/posts\/499309\/revisions"}],"wp:attachment":[{"href":"https:\/\/staging.ivg.it\/ediapi\/wp\/v2\/media?parent=499309"}],"wp:term":[{"taxonomy":"category","embeddable":true,"href":"https:\/\/staging.ivg.it\/ediapi\/wp\/v2\/categories?post=499309"},{"taxonomy":"post_tag","embeddable":true,"href":"https:\/\/staging.ivg.it\/ediapi\/wp\/v2\/tags?post=499309"}],"curies":[{"name":"wp","href":"https:\/\/api.w.org\/{rel}","templated":true}]}}