{"id":499307,"date":"2020-06-15T17:37:16","date_gmt":"2020-06-15T15:37:16","guid":{"rendered":"http:\/\/www.ivg.it\/?p=499307"},"modified":"2020-06-15T17:53:41","modified_gmt":"2020-06-15T15:53:41","slug":"coronavirus-in-liguria-positivi-sotto-le-duemila-unita-si-svuotano-le-terapie-intensive-degli-ospedali-savonesi","status":"publish","type":"post","link":"https:\/\/staging.ivg.it\/2020\/06\/coronavirus-in-liguria-positivi-sotto-le-duemila-unita-si-svuotano-le-terapie-intensive-degli-ospedali-savonesi\/","title":{"rendered":"Coronavirus: per la prima volta nessun ricoverato in terapia intensiva negli ospedali savonesi"},"content":{"rendered":"<p><strong>Liguria<\/strong>. Nessun ricoverato nelle terapie intensive degli ospedali savonesi. E&#8217; questa la bella notizia che arriva dal bollettino riguardante la diffusione dell&#8217;epidemia da coronavirus diramato oggi da Regione e ministero della salute. Che ha anche un&#8217;altra &#8220;good news&#8221; data dal fatto che attualmente il numero dei positivi al Covid-19 in Liguria \u00e8 sceso sotto le duemila unit\u00e0.<\/p>\n<p>Secondo gli ultimi dati resi noti da Regione e ministero, attualmente il totale delle persone infette \u00e8 pari a 1.953. Sono 75 meno di ieri. Il dato \u00e8 frutto di 8 nuove positivit\u00e0, 4 decessi e 79 nuovi guariti con due test consecutivi negativi<\/p>\n<p>I ricoverati in ospedale sono 89 e cio\u00e8 uno di pi\u00f9 di ieri. I pazienti in terapia intensiva sono 2 in tutto.<\/p>\n<p>Gli asintomatici sono in tutto 1.864 e cio\u00e8 76 meno di ieri. I sintomatici, con febbre, tosse o dispnea, sono in tutto 89 e cio\u00e8 uno pi\u00f9 di ieri. Le persone in isolamento domiciliare sono in tutto 157 e cio\u00e8 2 pi\u00f9 di ieri.<\/p>\n<p>Il totale dei guariti con due test negativi consecutivi \u00e8 di 6.409 e cio\u00e8 79 pi\u00f9 di ieri. I soggetti in sorveglianza attiva sono 415. Il totale dei deceduti ha toccato quota 1.523 e cio\u00e8 4 pi\u00f9 di ieri.<\/p>\n<p>I test effettuati finora sono in tutto 127.913 e cio\u00e8 1.208 pi\u00f9 di ieri.<\/p>\n<p>In provincia di Savona i positivi sono 283. I ricoverati in ospedale sono 21 e cio\u00e8 uno meno di ieri. Non ci sono persone ricoverate in terapia intensiva. Le persone in sorveglianza attiva sono 104.<\/p>\n<p>La direzione medica del presidio di ponente (ospedali Santa Corona e Santa Maria di Misericordia) segnala il decesso di una donna di 73 anni.<\/p>\n","protected":false},"excerpt":{"rendered":"<p>Si segnala un altro decesso nel savonese<\/p>\n","protected":false},"author":12120,"featured_media":0,"comment_status":"open","ping_status":"closed","sticky":false,"template":"","format":"standard","meta":{"footnotes":""},"categories":[45296,34],"tags":[111891,295],"class_list":["post-499307","post","type-post","status-publish","format-standard","hentry","category-copertina","category-cronaca","tag-coronavirus","tag-regione"],"amp_validity":null,"amp_enabled":true,"_links":{"self":[{"href":"https:\/\/staging.ivg.it\/ediapi\/wp\/v2\/posts\/499307","targetHints":{"allow":["GET"]}}],"collection":[{"href":"https:\/\/staging.ivg.it\/ediapi\/wp\/v2\/posts"}],"about":[{"href":"https:\/\/staging.ivg.it\/ediapi\/wp\/v2\/types\/post"}],"author":[{"embeddable":true,"href":"https:\/\/staging.ivg.it\/ediapi\/wp\/v2\/users\/12120"}],"replies":[{"embeddable":true,"href":"https:\/\/staging.ivg.it\/ediapi\/wp\/v2\/comments?post=499307"}],"version-history":[{"count":0,"href":"https:\/\/staging.ivg.it\/ediapi\/wp\/v2\/posts\/499307\/revisions"}],"wp:attachment":[{"href":"https:\/\/staging.ivg.it\/ediapi\/wp\/v2\/media?parent=499307"}],"wp:term":[{"taxonomy":"category","embeddable":true,"href":"https:\/\/staging.ivg.it\/ediapi\/wp\/v2\/categories?post=499307"},{"taxonomy":"post_tag","embeddable":true,"href":"https:\/\/staging.ivg.it\/ediapi\/wp\/v2\/tags?post=499307"}],"curies":[{"name":"wp","href":"https:\/\/api.w.org\/{rel}","templated":true}]}}