{"id":49925,"date":"2009-02-12T13:00:32","date_gmt":"2009-02-12T12:00:32","guid":{"rendered":"http:\/\/www.ivg.it\/2009\/02\/12\/tutto-pronto-per-il-trofeo-citta-di-pietra-ligure%e2%80%9d\/"},"modified":"2009-02-12T13:00:32","modified_gmt":"2009-02-12T12:00:32","slug":"tutto-pronto-per-il-trofeo-citta-di-pietra-ligure%e2%80%9d","status":"publish","type":"post","link":"https:\/\/staging.ivg.it\/2009\/02\/tutto-pronto-per-il-trofeo-citta-di-pietra-ligure%e2%80%9d\/","title":{"rendered":"Tutto pronto per il &#8220;Trofeo Citt\u00e0 di Pietra Ligure&#8221;"},"content":{"rendered":"<p><strong>[thumb:2991:l]Pietra Ligure. <\/strong>Si svolger\u00e0 dal 13 al 15 febbraio la sesta edizione del giro ciclistico amatoriale &#8220;Trofeo Citt\u00e0 di Pietra Ligure&#8221;. In questo modo la citt\u00e0 della Riviera di Ponente conferma, ancora una volta, la propria forte tradizione nel ciclismo amatoriale.<\/p>\n<p>La tre giorni si svolger\u00e0 grazie al contributo del Comune di Pietra Ligure e grazie al supporto delle associazioni locali degli albergatori, dei commercianti e dei bagni marini. Il giro ciclistico amatoriale di Pietra Ligure, gara a punteggio suddivisa in tre tappe, \u00e8 aperto a tutte le categorie Udace Csain, Fci ed Enti di promozione sportiva in regola con il tesseramento 2009.<\/p>\n<p>Per poter partecipare alla classifica finale i concorrenti dovranno essere iscritti dalla prima tappa. Numerazioni differenziate distingueranno i facenti parte delle diverse categorie. Saranno ammessi concorrenti giornalieri, che parteciperanno esclusivamente alla classifica di tappa senza togliere punti ed abbuoni ai partecipanti del giro. L&#8217;organizzazione della manifestazione \u00e8 a cura della &#8220;Polisportiva Maremola 1914&#8221; che si riserva di chiudere le iscrizioni al raggiungimento dei 200 partecipanti.<\/p>\n","protected":false},"excerpt":{"rendered":"<p>[thumb:2991:l]Pietra Ligure. Si svolger\u00e0 dal 13 al 15 febbraio la sesta edizione del giro ciclistico amatoriale &#8220;Trofeo Citt\u00e0 di Pietra Ligure&#8221;. In questo modo la citt\u00e0 della Riviera di Ponente conferma, ancora una volta, la propria forte tradizione nel ciclismo amatoriale. La tre giorni si svolger\u00e0 grazie al contributo del Comune di Pietra Ligure e [&hellip;]<\/p>\n","protected":false},"author":1385,"featured_media":0,"comment_status":"open","ping_status":"closed","sticky":false,"template":"","format":"standard","meta":{"footnotes":""},"categories":[32],"tags":[515,86019,85830,2073],"class_list":["post-49925","post","type-post","status-publish","format-standard","hentry","category-sport","tag-ciclismo","tag-comune","tag-pietra-ligure","tag-trofeo","post_cat_citta-pietra-ligure"],"amp_validity":null,"amp_enabled":true,"_links":{"self":[{"href":"https:\/\/staging.ivg.it\/ediapi\/wp\/v2\/posts\/49925","targetHints":{"allow":["GET"]}}],"collection":[{"href":"https:\/\/staging.ivg.it\/ediapi\/wp\/v2\/posts"}],"about":[{"href":"https:\/\/staging.ivg.it\/ediapi\/wp\/v2\/types\/post"}],"author":[{"embeddable":true,"href":"https:\/\/staging.ivg.it\/ediapi\/wp\/v2\/users\/1385"}],"replies":[{"embeddable":true,"href":"https:\/\/staging.ivg.it\/ediapi\/wp\/v2\/comments?post=49925"}],"version-history":[{"count":0,"href":"https:\/\/staging.ivg.it\/ediapi\/wp\/v2\/posts\/49925\/revisions"}],"wp:attachment":[{"href":"https:\/\/staging.ivg.it\/ediapi\/wp\/v2\/media?parent=49925"}],"wp:term":[{"taxonomy":"category","embeddable":true,"href":"https:\/\/staging.ivg.it\/ediapi\/wp\/v2\/categories?post=49925"},{"taxonomy":"post_tag","embeddable":true,"href":"https:\/\/staging.ivg.it\/ediapi\/wp\/v2\/tags?post=49925"}],"curies":[{"name":"wp","href":"https:\/\/api.w.org\/{rel}","templated":true}]}}