{"id":499227,"date":"2020-06-14T15:13:38","date_gmt":"2020-06-14T13:13:38","guid":{"rendered":"http:\/\/www.ivg.it\/?p=499227"},"modified":"2020-06-14T15:15:38","modified_gmt":"2020-06-14T13:15:38","slug":"provoca-un-incidente-a-loano-e-fugge-rintracciato-a-finale-grazie-alle-telecamere","status":"publish","type":"post","link":"https:\/\/staging.ivg.it\/2020\/06\/provoca-un-incidente-a-loano-e-fugge-rintracciato-a-finale-grazie-alle-telecamere\/","title":{"rendered":"Provoca un incidente a Loano e fugge, rintracciato a Finale grazie alle telecamere"},"content":{"rendered":"<p><strong>Loano\/Finale.<\/strong> Provoca un incidente stradale a Loano dandosi alla fuga, rintracciato dalla Polizia Locale di Finale Ligure. Il movimentato episodio ha per protagonista un giovane che nel tardo pomeriggio del 12 giugno ha tamponato violentemente un&#8217;auto sulla via Aurelia a Loano, fortunatamente senza gravi conseguenze per gli occupanti.<\/p>\n<p>&#8220;Anzich\u00e9 fermarsi per prestare soccorso e assumersi la responsabilit\u00e0 del sinistro, il conducente si \u00e8 dato alla fuga &#8211; racconta il Comando finalese &#8211; agevolata da una serie di manovre spericolate nel centro della cittadina rivierasca. La Polizia Locale di Loano, giunta sul luogo dell&#8217;incidente, ha ottenuto una descrizione sommaria del veicolo investitore, compresi alcuni caratteri della targa e la direzione di allontanamento dal luogo&#8221;.<\/p>\n<p>Le informazioni sono state passate anche ai colleghi di Finale Ligure nella speranza di riuscire ad intercettare la macchina sospetta: e proprio gli agenti fidalesi, incrociando i dati ricevuti con le riprese delle telecamere poste all&#8217;ingresso del territorio comunale, hanno verificato il passaggio del veicolo e ricostruito la targa completa, ritrovando infine l&#8217;auto incidentata in un parcheggio periferico della citt\u00e0.<\/p>\n<p>Poche ore dopo anche il conducente responsabile del sinistro \u00e8 stato identificato e condotto presso gli uffici del Comando di Finale Ligure. La sua posizione \u00e8 ora al vaglio della Polizia Locale di Finale e Loano, ma pare scontata la contestazione per omissione di soccorso, oltre ad altre gravi violazioni al Codice della strada.<\/p>\n","protected":false},"excerpt":{"rendered":"<p>L&#8217;indagine coordinata delle due Polizie Locali ha permesso di risalire alla targa del veicolo<\/p>\n","protected":false},"author":10593,"featured_media":0,"comment_status":"open","ping_status":"closed","sticky":false,"template":"","format":"standard","meta":{"footnotes":""},"categories":[45296,34],"tags":[69740,107554],"class_list":["post-499227","post","type-post","status-publish","format-standard","hentry","category-copertina","category-cronaca","tag-polizia-locale-finale-ligure","tag-polizia-locale-loano","post_cat_citta-finale-ligure","post_cat_citta-loano"],"amp_validity":null,"amp_enabled":true,"_links":{"self":[{"href":"https:\/\/staging.ivg.it\/ediapi\/wp\/v2\/posts\/499227","targetHints":{"allow":["GET"]}}],"collection":[{"href":"https:\/\/staging.ivg.it\/ediapi\/wp\/v2\/posts"}],"about":[{"href":"https:\/\/staging.ivg.it\/ediapi\/wp\/v2\/types\/post"}],"author":[{"embeddable":true,"href":"https:\/\/staging.ivg.it\/ediapi\/wp\/v2\/users\/10593"}],"replies":[{"embeddable":true,"href":"https:\/\/staging.ivg.it\/ediapi\/wp\/v2\/comments?post=499227"}],"version-history":[{"count":0,"href":"https:\/\/staging.ivg.it\/ediapi\/wp\/v2\/posts\/499227\/revisions"}],"wp:attachment":[{"href":"https:\/\/staging.ivg.it\/ediapi\/wp\/v2\/media?parent=499227"}],"wp:term":[{"taxonomy":"category","embeddable":true,"href":"https:\/\/staging.ivg.it\/ediapi\/wp\/v2\/categories?post=499227"},{"taxonomy":"post_tag","embeddable":true,"href":"https:\/\/staging.ivg.it\/ediapi\/wp\/v2\/tags?post=499227"}],"curies":[{"name":"wp","href":"https:\/\/api.w.org\/{rel}","templated":true}]}}