{"id":49922,"date":"2009-02-12T12:38:07","date_gmt":"2009-02-12T11:38:07","guid":{"rendered":"http:\/\/www.ivg.it\/2009\/02\/12\/tre-importanti-anniversari-per-la-citta-di-loano\/"},"modified":"2009-02-12T12:38:07","modified_gmt":"2009-02-12T11:38:07","slug":"tre-importanti-anniversari-per-la-citta-di-loano","status":"publish","type":"post","link":"https:\/\/staging.ivg.it\/2009\/02\/tre-importanti-anniversari-per-la-citta-di-loano\/","title":{"rendered":"Tre importanti anniversari per la citt\u00e0 di Loano"},"content":{"rendered":"<p><strong>[thumb:430:l]Loano. <\/strong>&#8220;Ci stiamo preparando a festeggiare tre importanti appuntamenti. Si tratta di anniversari che per Loano rappresentano qualcosa di importante sotto vari profili: scolastico, culturale e sociale e nei quali ci sentiamo tutti quanti un  po&#8217; coinvolti&#8221; a dichiararlo \u00e8 Orazio Cacace, della Coges, la cooperativa di gestione dei servizi di Loano. Il riferimento \u00e8 al decimo anniversario di fondazione del circolo culturale &#8220;Italo Calvino&#8221; e del gemellaggio fra le cittadine di Loano e Francheville, oltre che al ventennale dell&#8217;utilizzo educativo dell&#8217;ex Colonia &#8220;Citt\u00e0 di Torino&#8221;, con la nascita del polo scolastico superiore loanese.<\/p>\n<p>&#8220;Venti anni or sono, grazie alla lungimiranza dell&#8217;allora preside della ragioneria Giancarlo Corino e del professor Lino Romanisio &#8211; dice Cacace, che \u00e8 stato anche presidente del Consiglio d&#8217;Istituto della scuole per ragionieri loanese &#8211; la Provincia di Savona affitt\u00f2 l&#8217;ex colonia &#8216;Citt\u00e0 di Torino&#8217;, portando a termine una importante operazione culturale e dando a Loano quello che divenne presto il primo e pi\u00f9 moderno polo scolastico della provincia&#8221;.<\/p>\n<p>&#8220;Con quella soluzione &#8211; ricorda il professor Lino Romanisio &#8211; Ragioneria, che era in grande espansione e costretta, fino ad allora, a dislocare gli alunni in quattro differenti plessi scolastici, risolse i suoi problemi. Per qualche anno la provincia pag\u00f2 l&#8217;affitto, poi ci fu l&#8217;acquisto dell&#8217;immobile&#8221;.<\/p>\n<p>L&#8217;altra ricorrenza, quella del decimo anniversario della nascita del gemellaggio fra Loano e Francheville sar\u00e0 ricordata con una serie di manifestazioni ed iniziative messe in cantiere dal Comitato per il Gemellaggio, che ha gi\u00e0 organizzato, a tal proposito, un corso di lingua francese: &#8220;Abbiamo ritenuto &#8211; dice il vicesindaco Francesco Cenere, che fu anche allora, in qualit\u00e0 di sindaco, uno dei promotori del gemellaggio &#8211; che fosse necessario far conoscer di pi\u00f9 le iniziative del gemellaggio e cercare di avvicinare maggiormente i nostri concittadini alla cultura francese&#8221;.<\/p>\n<p>Il terzo anniversario, infine, \u00e8 il decennale del Circolo culturale e ricreativo &#8220;Italo Calvino&#8221;, che \u00e8 poi diventato, in pochi anni, uno dei centri di aggregazione culturale pi\u00f9 importanti della provincia. Tutti i sabato sera ha in programma appuntamenti musicali, incontri e concerti che richiamano appassionati da tutta la provincia e da fuori. &#8220;Speriamo &#8211; conclude Orazio Cacace &#8211; che ci sia la sensibilit\u00e0 giusta, da parte di tutti, per riuscire a dare il migliore risalto a queste tre importanti ricorrenze legate ad altrettanti significative realt\u00e0 della nostra citt\u00e0&#8221;.<\/p>\n","protected":false},"excerpt":{"rendered":"<p>[thumb:430:l]Loano. &#8220;Ci stiamo preparando a festeggiare tre importanti appuntamenti. Si tratta di anniversari che per Loano rappresentano qualcosa di importante sotto vari profili: scolastico, culturale e sociale e nei quali ci sentiamo tutti quanti un po&#8217; coinvolti&#8221; a dichiararlo \u00e8 Orazio Cacace, della Coges, la cooperativa di gestione dei servizi di Loano. Il riferimento \u00e8 [&hellip;]<\/p>\n","protected":false},"author":13744,"featured_media":0,"comment_status":"open","ping_status":"closed","sticky":false,"template":"","format":"standard","meta":{"footnotes":""},"categories":[56],"tags":[1788,85827],"class_list":["post-49922","post","type-post","status-publish","format-standard","hentry","category-altre","tag-anniversario","tag-loano","post_cat_citta-loano"],"amp_validity":null,"amp_enabled":true,"_links":{"self":[{"href":"https:\/\/staging.ivg.it\/ediapi\/wp\/v2\/posts\/49922","targetHints":{"allow":["GET"]}}],"collection":[{"href":"https:\/\/staging.ivg.it\/ediapi\/wp\/v2\/posts"}],"about":[{"href":"https:\/\/staging.ivg.it\/ediapi\/wp\/v2\/types\/post"}],"author":[{"embeddable":true,"href":"https:\/\/staging.ivg.it\/ediapi\/wp\/v2\/users\/13744"}],"replies":[{"embeddable":true,"href":"https:\/\/staging.ivg.it\/ediapi\/wp\/v2\/comments?post=49922"}],"version-history":[{"count":0,"href":"https:\/\/staging.ivg.it\/ediapi\/wp\/v2\/posts\/49922\/revisions"}],"wp:attachment":[{"href":"https:\/\/staging.ivg.it\/ediapi\/wp\/v2\/media?parent=49922"}],"wp:term":[{"taxonomy":"category","embeddable":true,"href":"https:\/\/staging.ivg.it\/ediapi\/wp\/v2\/categories?post=49922"},{"taxonomy":"post_tag","embeddable":true,"href":"https:\/\/staging.ivg.it\/ediapi\/wp\/v2\/tags?post=49922"}],"curies":[{"name":"wp","href":"https:\/\/api.w.org\/{rel}","templated":true}]}}