{"id":49917,"date":"2009-02-12T12:03:02","date_gmt":"2009-02-12T11:03:02","guid":{"rendered":"http:\/\/www.ivg.it\/2009\/02\/12\/speleologia-in-autunno-un-incontro-nazionale-a-toirano\/"},"modified":"2009-02-12T12:03:02","modified_gmt":"2009-02-12T11:03:02","slug":"speleologia-in-autunno-un-incontro-nazionale-a-toirano","status":"publish","type":"post","link":"https:\/\/staging.ivg.it\/2009\/02\/speleologia-in-autunno-un-incontro-nazionale-a-toirano\/","title":{"rendered":"Speleologia: in autunno un incontro nazionale a Toirano"},"content":{"rendered":"<p><strong>[thumb:494:l]Toirano. <\/strong>Toirano ospiter\u00e0, nell&#8217;autunno di quest&#8217;anno, un importante evento, di livello nazionale, dedicato alla speleologia. La scelta \u00e8 stata effettuata dal consiglio direttivo della Societ\u00e0 speleologica italiana, che si \u00e8 svolto proprio nella cittadina delle grotte, ed \u00e8 stata accolta con entusiasmo sia dal Comune che dal gruppo speleologico &#8220;Cycnus&#8221;. L&#8217;evento sar\u00e0 un&#8217;occasione di confronto e riflessione sulle esplorazioni sotterranee e sulle attivit\u00e0 correlate.<\/p>\n<p>&#8220;La scelta di Toirano &#8211; ha dichiarato il sindaco Silvano Tab\u00f2 &#8211; non \u00e8 casuale, ma dettata dall&#8217;accessibilit\u00e0 e dall&#8217;ospitalit\u00e0 che il paese sa offrire, unita alla vicinanza ad uno stupendo territorio carsico ricco di cavit\u00e0 naturali. Si prospettano quindi due intense giornate che vedranno impegnati sul territorio e nelle strutture toiranesi numerosi speleologi provenienti da tutta Italia&#8221;.<\/p>\n","protected":false},"excerpt":{"rendered":"<p>[thumb:494:l]Toirano. Toirano ospiter\u00e0, nell&#8217;autunno di quest&#8217;anno, un importante evento, di livello nazionale, dedicato alla speleologia. La scelta \u00e8 stata effettuata dal consiglio direttivo della Societ\u00e0 speleologica italiana, che si \u00e8 svolto proprio nella cittadina delle grotte, ed \u00e8 stata accolta con entusiasmo sia dal Comune che dal gruppo speleologico &#8220;Cycnus&#8221;. L&#8217;evento sar\u00e0 un&#8217;occasione di confronto [&hellip;]<\/p>\n","protected":false},"author":1385,"featured_media":0,"comment_status":"open","ping_status":"closed","sticky":false,"template":"","format":"standard","meta":{"footnotes":""},"categories":[],"tags":[4967,2860,2509,3520,2709,85952],"class_list":["post-49917","post","type-post","status-publish","format-standard","hentry","tag-grotte","tag-incontro","tag-iniziativa","tag-silvano-tabo","tag-speleologia","tag-toirano","post_cat_citta-toirano"],"amp_validity":null,"amp_enabled":true,"_links":{"self":[{"href":"https:\/\/staging.ivg.it\/ediapi\/wp\/v2\/posts\/49917","targetHints":{"allow":["GET"]}}],"collection":[{"href":"https:\/\/staging.ivg.it\/ediapi\/wp\/v2\/posts"}],"about":[{"href":"https:\/\/staging.ivg.it\/ediapi\/wp\/v2\/types\/post"}],"author":[{"embeddable":true,"href":"https:\/\/staging.ivg.it\/ediapi\/wp\/v2\/users\/1385"}],"replies":[{"embeddable":true,"href":"https:\/\/staging.ivg.it\/ediapi\/wp\/v2\/comments?post=49917"}],"version-history":[{"count":0,"href":"https:\/\/staging.ivg.it\/ediapi\/wp\/v2\/posts\/49917\/revisions"}],"wp:attachment":[{"href":"https:\/\/staging.ivg.it\/ediapi\/wp\/v2\/media?parent=49917"}],"wp:term":[{"taxonomy":"category","embeddable":true,"href":"https:\/\/staging.ivg.it\/ediapi\/wp\/v2\/categories?post=49917"},{"taxonomy":"post_tag","embeddable":true,"href":"https:\/\/staging.ivg.it\/ediapi\/wp\/v2\/tags?post=49917"}],"curies":[{"name":"wp","href":"https:\/\/api.w.org\/{rel}","templated":true}]}}