{"id":499017,"date":"2020-06-11T15:58:14","date_gmt":"2020-06-11T13:58:14","guid":{"rendered":"http:\/\/www.ivg.it\/?p=499017"},"modified":"2020-06-11T16:03:04","modified_gmt":"2020-06-11T14:03:04","slug":"pietra-ligure-mozione-sullimu-carrara-nonostante-la-crisi-nessun-rinvio-e-nessuna-diminuzione","status":"publish","type":"post","link":"https:\/\/staging.ivg.it\/2020\/06\/pietra-ligure-mozione-sullimu-carrara-nonostante-la-crisi-nessun-rinvio-e-nessuna-diminuzione\/","title":{"rendered":"Pietra Ligure, mozione sull&#8217;Imu. Carrara: &#8220;Nonostante la crisi nessun rinvio e nessuna diminuzione&#8221;"},"content":{"rendered":"<p><strong>Pietra Ligure.<\/strong> &#8220;L&#8217;8 maggio scorso, in risposta alla nostra mozione in cui chiedevamo, in considerazione della situazione di profonda difficolt\u00e0 economica in cui versano molte famiglie dopo la catastrofe del Coronavirus, di ridurre le imposte e le tasse comunali, ci veniva comunicato, in sintesi, che decisioni al riguardo sarebbero state prese dal Comune di Pietra Ligure, solo &#8220;dopo&#8221; che il Governo avesse emanato disposizioni in merito, in quel momento ancora non sussistenti. Ora, con la risoluzione 5\/DF, del MEF dello scorso 8 giugno, quelle disposizioni ci sono, ma, nonostante questo, in vista, ormai, dell&#8217;imminente scadenza dell&#8217;IMU, prevista per il 16 giugno, il Comune di Pietra Ligure non ha deciso nulla&#8221;.<\/p>\n<p>Cos\u00ec il consigliere di minoranza Mario Carrara, che ha presentato una mozione consiliare.<\/p>\n<p>&#8220;L&#8217;IMU \u00e9 un&#8217;imposta &#8220;odiosa&#8221;, che &#8220;punisce&#8221; per il solo fatto di avere un immobile in pi\u00f9: non importa se frutto di un investimento di risparmi, se ereditato, se comprato con la liquidazione, per le vacanze; a Pietra Ligure \u00e9 un&#8217;imposta ancora pi\u00f9 odiosa perch\u00e9 \u00e9 un&#8217;imposta a livelli quasi &#8220;di rapina&#8221;, cio\u00e8 il massimo possibile degli aumenti consentiti: 10,60&#215;1000, pi\u00f9 lo 0,80&#215;1000 dell&#8217;ex TASI; risultato: l&#8217;11,40&#215;1000. Considerato che, per quanto riguarda le seconde case, concerne un &#8220;bene&#8221; che per mesi non si \u00e9 potuto godere per le restrizioni ai movimenti delle persone, &#8220;confinate&#8221; nelle loro residenze, quest&#8217;imposta, oltre che &#8220;odiosa&#8221; e quasi di &#8220;rapina&#8221;, diviene pure massimamente &#8220;ingiusta ed iniqua&#8221; perch\u00e9 il suo pagamento viene &#8220;preteso&#8221; su base annuale. Ma c&#8217;\u00e8 davvero da chiedersi: &#8220;ma perch\u00e9,  con che faccia, si pu\u00f2 richiedere di avere in pagamento un&#8217;imposta calcolata su un uso del bene tassato per 12 mesi, se si \u00e9 potuto usare quello stesso bene, per imposizione del governo, solo per 9 mesi?&#8221;.<\/p>\n<p>&#8220;A Pietra Ligure, al riguardo, il sindaco e la sua amministrazione, pur essendosi impegnati, a parole, a farlo nell&#8217;ultimo Consiglio comunale, non hanno deciso niente. N\u00e9 una riduzione e nemmeno la concessione di un RINVIO del  pagamento dell&#8217;imposta. Nulla. E dire che le condizioni per concedere l&#8217;uno e l&#8217;altro ci sono, visto che molta gente si trover\u00e0 in difficolt\u00e0 ben maggiore a dover pagare anche questo tributo, dopo esser gi\u00e0 nella difficolt\u00e0 economica della vita quotidiana per i mancati incassi di oltre tre mesi di inattivit\u00e0&#8221; aggiunge ancora l&#8217;esponente di opposizione. <\/p>\n<p>&#8220;Questo sindaco non prende neanche spunto da decisioni prese da altri comuni: ad esempio, Andora ha disposto il rinvio del pagamento dell&#8217;IMU al 16 settembre (ma l\u00e0 il sindaco e&#8217; di centrodestra e pu\u00f2 rappresentare un esempio da non seguire); a Finale Ligure, il rinvio \u00e9 stato concesso al 31 agosto (e qui, invece,  il sindaco \u00e9 di &#8220;area centrosinistra&#8221;; ma, forse non abbastanza &#8220;schierato&#8221; per essere tenuto in considerazione non essendo targato cos\u00ec &#8220;di sinistra&#8221;, come lo \u00e9 il sindaco Pd di Pietra Ligure)&#8221;.<\/p>\n<p>&#8220;E non \u00e9 neanche vero che, in ogni caso, una quota dell&#8217;imposta riscossa debba, in ogni caso, essere corrisposta allo Stato, perch\u00e9 ci\u00f2 \u00e9 vero solo per gli immobili a destinazione speciale &#8211; produttiva &#8211; della categoria &#8220;D&#8221;, non per le case! Quindi, dire che, comunque, una parte dell&#8217;IMU vada allo Stato \u00e9 vero solo per quella categoria di immobili, la &#8220;D&#8221;; per le case di civile abitazione &#8220;normali&#8221;, invece, il Comune si tiene tutto l&#8217;incasso: quindi, il Comune pu\u00f2 decidere di quanto &#8220;ridurre&#8221; l&#8217;imposta o se non ridurla; e, dopo il provvedimento del governo dell&#8217;8 giugno scorso, anche a &#8220;quando&#8221;, eventualmente, spostarne il rinvio del pagamento&#8221;. <\/p>\n<p>A Pietra Ligure, invece, l&#8217;amministrazione vuole tutto e subito: come se le cose, in questi mesi, alla gente, alle famiglie fossero andate tutte bene e non fosse successo niente. Un rinvio, se l&#8217;amministrazione non aveva bene le idee chiare su che fare, poteva concederlo, cos\u00ec che, nel frattempo, avesse ancora tempo di pensarci. L&#8217;esigenza di ridurre &#8220;l&#8217;odioso&#8221; tributo c&#8217;\u00e8: qui si paga il &#8220;massimo del massimo&#8221;; la possibilit\u00e0 di compensare gli eventuali mancati introiti dall&#8217;imposta, anche: sono mesi che il Comune non fa manutenzioni, non spende soldi o molti di meno per riscaldamenti, energia elettrica, pulizia di scuole, uffici  e servizi; non ha effettuato manifestazioni teatrali, cinematografiche; n\u00e9 manifestazioni all&#8217;aperto per evitare assembramenti, n\u00e9 potr\u00e0 farle nel prossimo futuro, quindi il Comune sta risparmiando e risparmier\u00e0 ingenti somme. Perch\u00e9, quindi, ostinarsi a voler vessare e tassare i cittadini come se stessero vivendo un tempo normale e di prosperit\u00e0?&#8221;.<\/p>\n<p>&#8220;Quindi reiteriamo la richiesta di un provvedimento di riduzione dell&#8217;imposta IMU e\/o di un suo rinvio, preordinato quest&#8217;ultimo, per\u00f2, ad una riduzione, secondo il dispositivo nel testo che segue: il Consiglio comunale di Pietra Ligure impegna il sindaco e la giunta a procedere ad una consistente riduzione dell&#8217;aliquota dell&#8217;IMU e\/o al rinvio del termine di pagamento della stessa dal 16 giugno ad altra data posticipata, ritenuta congrua (meno gli immobili a destinazione produttiva della categoria &#8220;D&#8221;), per dare modo all&#8217;amministrazione stessa di studiare ulteriormente i termini di una riduzione dell&#8217;imposta medesima. Ci\u00f2, visti i tempi ristretti, anche tramite una delibera della Giunta municipale, da ratificarsi successivamente in Consiglio comunale, come previsto dal medesimo provvedimento del MEF dell&#8217;8 giugno 2020&#8243; conclude il testo della mozione.<\/p>\n","protected":false},"excerpt":{"rendered":"<p>Nuovo affondo dell&#8217;esponente di minoranza sui provvedimenti a seguito dell&#8217;emergenza Covid-19<\/p>\n","protected":false},"author":4,"featured_media":0,"comment_status":"open","ping_status":"closed","sticky":false,"template":"","format":"standard","meta":{"footnotes":""},"categories":[45296,35,31],"tags":[112529,37590,100580],"class_list":["post-499017","post","type-post","status-publish","format-standard","hentry","category-copertina","category-economia","category-politica","tag-effetti-coronavirus","tag-imu","tag-mozione-consigliare","post_cat_citta-pietra-ligure","post_tag_personaggi-mario-carrara"],"amp_validity":null,"amp_enabled":true,"_links":{"self":[{"href":"https:\/\/staging.ivg.it\/ediapi\/wp\/v2\/posts\/499017","targetHints":{"allow":["GET"]}}],"collection":[{"href":"https:\/\/staging.ivg.it\/ediapi\/wp\/v2\/posts"}],"about":[{"href":"https:\/\/staging.ivg.it\/ediapi\/wp\/v2\/types\/post"}],"author":[{"embeddable":true,"href":"https:\/\/staging.ivg.it\/ediapi\/wp\/v2\/users\/4"}],"replies":[{"embeddable":true,"href":"https:\/\/staging.ivg.it\/ediapi\/wp\/v2\/comments?post=499017"}],"version-history":[{"count":0,"href":"https:\/\/staging.ivg.it\/ediapi\/wp\/v2\/posts\/499017\/revisions"}],"wp:attachment":[{"href":"https:\/\/staging.ivg.it\/ediapi\/wp\/v2\/media?parent=499017"}],"wp:term":[{"taxonomy":"category","embeddable":true,"href":"https:\/\/staging.ivg.it\/ediapi\/wp\/v2\/categories?post=499017"},{"taxonomy":"post_tag","embeddable":true,"href":"https:\/\/staging.ivg.it\/ediapi\/wp\/v2\/tags?post=499017"}],"curies":[{"name":"wp","href":"https:\/\/api.w.org\/{rel}","templated":true}]}}