{"id":498890,"date":"2020-06-10T11:08:43","date_gmt":"2020-06-10T09:08:43","guid":{"rendered":"http:\/\/www.ivg.it\/?p=498890"},"modified":"2020-06-10T11:08:43","modified_gmt":"2020-06-10T09:08:43","slug":"albenga-i-bambini-raccontano-in-un-libro-la-loro-esperienza-del-coronavirus","status":"publish","type":"post","link":"https:\/\/staging.ivg.it\/2020\/06\/albenga-i-bambini-raccontano-in-un-libro-la-loro-esperienza-del-coronavirus\/","title":{"rendered":"Albenga, i bambini raccontano in un libro la loro esperienza del Coronavirus"},"content":{"rendered":"<p><strong>Albenga.<\/strong> I bambini e le maestre della Scuola dell&#8217;Infanzia San Clemente raccontano in un libretto dal titolo &#8220;Il balenottero Clementino&#8221; l&#8217;esperienza dell&#8217;emergenza Coronavirus e regalano la storia a tutti gli altri bambini.<\/p>\n<p>&#8220;Questa simpatica storia \u00e8 stata pensata in un momento in cui intorno a noi e a volte all&#8217;interno delle nostre famiglie la situazione era piena di incertezze e ansia ed \u00e8 stata, specialmente per i nostri bambini, uno sconvolgimento delle loro giornate, della quotidianit\u00e0 e delle loro abitudini &#8211; spiegano le maestre &#8211; Hanno affrontato difficolt\u00e0 impreviste, rinunciato alla libert\u00e0 di movimenti e alle relazioni con gli amici, senza saperlo, per il bene comune&#8221;.<\/p>\n<p>La storia di questo libro racconta del personaggio che ha guidato la didattica della sezione fino alla fine di febbraio ma soprattutto dell&#8217;impegno che hanno mantenuto i bambini anche da casa con la didattica a distanza aiutati dalle loro famiglie.<\/p>\n<p>&#8220;Per questo la storia \u00e8 un regalo per dire grazie a tutti i bambini e a tutti i genitori che, nonostante le tante difficolt\u00e0, hanno contribuito alla realizzazione di questo differente modo di fare scuola&#8221;, concludono le insegnanti.<\/p>\n","protected":false},"excerpt":{"rendered":"<p>Alunni e maestre della scuola San Clemente regalano le storie a tutti i bambini<\/p>\n","protected":false},"author":11510,"featured_media":0,"comment_status":"open","ping_status":"closed","sticky":false,"template":"","format":"standard","meta":{"footnotes":""},"categories":[56],"tags":[335,111891,107891],"class_list":["post-498890","post","type-post","status-publish","format-standard","hentry","category-altre","tag-bambini","tag-coronavirus","tag-scuola-infanzia-san-clemente","post_cat_citta-albenga"],"amp_validity":null,"amp_enabled":true,"_links":{"self":[{"href":"https:\/\/staging.ivg.it\/ediapi\/wp\/v2\/posts\/498890","targetHints":{"allow":["GET"]}}],"collection":[{"href":"https:\/\/staging.ivg.it\/ediapi\/wp\/v2\/posts"}],"about":[{"href":"https:\/\/staging.ivg.it\/ediapi\/wp\/v2\/types\/post"}],"author":[{"embeddable":true,"href":"https:\/\/staging.ivg.it\/ediapi\/wp\/v2\/users\/11510"}],"replies":[{"embeddable":true,"href":"https:\/\/staging.ivg.it\/ediapi\/wp\/v2\/comments?post=498890"}],"version-history":[{"count":0,"href":"https:\/\/staging.ivg.it\/ediapi\/wp\/v2\/posts\/498890\/revisions"}],"wp:attachment":[{"href":"https:\/\/staging.ivg.it\/ediapi\/wp\/v2\/media?parent=498890"}],"wp:term":[{"taxonomy":"category","embeddable":true,"href":"https:\/\/staging.ivg.it\/ediapi\/wp\/v2\/categories?post=498890"},{"taxonomy":"post_tag","embeddable":true,"href":"https:\/\/staging.ivg.it\/ediapi\/wp\/v2\/tags?post=498890"}],"curies":[{"name":"wp","href":"https:\/\/api.w.org\/{rel}","templated":true}]}}