{"id":498889,"date":"2020-06-10T11:00:01","date_gmt":"2020-06-10T09:00:01","guid":{"rendered":"http:\/\/www.ivg.it\/?p=498889"},"modified":"2020-06-10T11:00:01","modified_gmt":"2020-06-10T09:00:01","slug":"savona-lega-il-pd-ha-coraggio-a-fare-retorica-su-problemi-creati-dalla-sua-stessa-politica","status":"publish","type":"post","link":"https:\/\/staging.ivg.it\/2020\/06\/savona-lega-il-pd-ha-coraggio-a-fare-retorica-su-problemi-creati-dalla-sua-stessa-politica\/","title":{"rendered":"Savona, Lega: &#8220;Il PD ha coraggio a fare retorica su problemi creati dalla sua stessa politica&#8221;"},"content":{"rendered":"<p><strong>Savona<\/strong>. \u201cIl Pd savonese ha veramente un grande coraggio! Fa retorica e facile propaganda su problemi che loro stessi hanno contribuito a creare, molto prima del coronavirus\u201d.<\/p>\n<p>A dichiararlo sono i membri della <strong>Lega &#8211; Salvini di Savona<\/strong>, che continuano: &#8220;L\u2019aver mal amministrato in passato la nostra citt\u00e0, accumulando milioni di debiti e dilapidando per anni le risorse comunali in modo scellerato rende credibili oggi i rappresentanti del Partito Democratico locale quando &#8216;sparano sentenze&#8217;, autoproclamandosi &#8216;paladini&#8217; dei savonesi in difficolt\u00e0?&#8221;.<\/p>\n<p>&#8220;L\u2019amministrazione, nonostante gli enormi sacrifici gi\u00e0 chiesti a tutta la cittadinanza per cercare di recuperare una situazione disperata, \u00e8 ancora purtroppo in pre-dissesto economico &#8211; continuano dalla Lega &#8211;\u00a0A questo si aggiunge la vergognosa mancanza di aiuto concreto, per l\u2019emergenza Covid, da parte del governo, di cui proprio lo stesso Pd fa parte&#8221;.<\/p>\n<p>&#8220;Lavoratori e aziende che aspettano la cassa integrazione da tre mesi, ulteriori indebitamenti con le banche spacciati per soluzioni, decreti e nuove norme che vanno a complicare ancor pi\u00f9 la nostra gi\u00e0 labirintica burocrazia. Sono queste le credenziali del Partito Democratico? Forse un pochino di spudoratezza in meno farebbe bene!&#8221; attaccano.<\/p>\n<p>&#8220;La Lega \u2013 Salvini premier a Savona, come anche recentemente dichiarato da tutti i suoi esponenti, si far\u00e0 garante affinch\u00e9 ogni possibile risorsa a disposizione venga al pi\u00f9 presto utilizzata per aiutare le fasce maggiormente colpite da questa crisi e oggi pi\u00f9 vulnerabili&#8221; concludono.<\/p>\n","protected":false},"excerpt":{"rendered":"<p>&#8220;L\u2019aver mal amministrato in passato la nostra citt\u00e0 rende credibili oggi i rappresentanti del Partito Democratico locale?&#8221;<\/p>\n","protected":false},"author":18838,"featured_media":0,"comment_status":"open","ping_status":"closed","sticky":false,"template":"","format":"standard","meta":{"footnotes":""},"categories":[45296,31],"tags":[106280],"class_list":["post-498889","post","type-post","status-publish","format-standard","hentry","category-copertina","category-politica","tag-lega-savona","post_cat_citta-savona"],"amp_validity":null,"amp_enabled":true,"_links":{"self":[{"href":"https:\/\/staging.ivg.it\/ediapi\/wp\/v2\/posts\/498889","targetHints":{"allow":["GET"]}}],"collection":[{"href":"https:\/\/staging.ivg.it\/ediapi\/wp\/v2\/posts"}],"about":[{"href":"https:\/\/staging.ivg.it\/ediapi\/wp\/v2\/types\/post"}],"author":[{"embeddable":true,"href":"https:\/\/staging.ivg.it\/ediapi\/wp\/v2\/users\/18838"}],"replies":[{"embeddable":true,"href":"https:\/\/staging.ivg.it\/ediapi\/wp\/v2\/comments?post=498889"}],"version-history":[{"count":0,"href":"https:\/\/staging.ivg.it\/ediapi\/wp\/v2\/posts\/498889\/revisions"}],"wp:attachment":[{"href":"https:\/\/staging.ivg.it\/ediapi\/wp\/v2\/media?parent=498889"}],"wp:term":[{"taxonomy":"category","embeddable":true,"href":"https:\/\/staging.ivg.it\/ediapi\/wp\/v2\/categories?post=498889"},{"taxonomy":"post_tag","embeddable":true,"href":"https:\/\/staging.ivg.it\/ediapi\/wp\/v2\/tags?post=498889"}],"curies":[{"name":"wp","href":"https:\/\/api.w.org\/{rel}","templated":true}]}}