{"id":498877,"date":"2020-06-10T10:02:06","date_gmt":"2020-06-10T08:02:06","guid":{"rendered":"http:\/\/www.ivg.it\/?p=498877"},"modified":"2020-06-10T10:02:06","modified_gmt":"2020-06-10T08:02:06","slug":"regione-pd-la-giunta-toti-non-ha-ancora-fatto-nulla-per-agenzie-di-viaggio-e-ncc","status":"publish","type":"post","link":"https:\/\/staging.ivg.it\/2020\/06\/regione-pd-la-giunta-toti-non-ha-ancora-fatto-nulla-per-agenzie-di-viaggio-e-ncc\/","title":{"rendered":"Regione, PD: &#8220;La Giunta Toti non ha ancora fatto nulla per agenzie di viaggio e Ncc&#8221;"},"content":{"rendered":"<p><strong>Regione.<\/strong> Ieri in Commissione Attivit\u00e0 produttive si \u00e8 tenuta l&#8217;audizione dei rappresentati delle agenzie viaggio, dei tour operator e dei noleggiatori di navette con conducente, che la scorsa settimana erano venuti in Consiglio regionale per denunciare la forte crisi del settore turistico ligure. In quell&#8217;occasione era stato approvato all&#8217;unanimit\u00e0 un ordine del giorno che impegnava la Giunta a mettere in atto una serie di iniziative a sostegno del comparto.<\/p>\n<p>&#8220;Dopo sette giorni non \u00e8 stato fatto ancora nulla &#8211; accusa il gruppo consiliare del Partito Democratico &#8211; La Giunta non ha mai convocato questi soggetti e il tavolo sulla mobilit\u00e0 con le istituzioni locali, le aziende pubbliche di trasporto, i noleggiatori, le cooperative di taxi e i sindacati non si \u00e8 ancora riunito. \u00c8 stata avviata solo la procedura di convocazione ma nessuno ha ancora visto la lettera ufficiale&#8221;.<\/p>\n<p>&#8220;La Giunta parla di un possibile contributo a fondo perduto pari a 700 mila euro &#8211; aggiunge &#8211; una miseria se si pensa che solo le agenzie di viaggio in Liguria sono 360 e quindi si arriverebbe a un massimo di 2000 euro a testa (questo per\u00f2 senza contare tour operator e noleggiatori di navette con conducente). In quanto alla riprogettazione dei fondi comunitari per sostenere questi soggetti e lo sviluppo nella fase 2 non si sa ancora nulla&#8221;.<\/p>\n<p>&#8220;La verit\u00e0 \u00e8 che nei confronti di una fetta importante del mondo turistico ligure, che rappresenta una delle principali attivit\u00e0 economica della nostra regione, l&#8217;impegno della Giunta Toti \u00e8 pari a zero. Continueremo a incalzare l&#8217;amministrazione affinch\u00e9 passi dalle parole ai fatti&#8221;, concludono i democratici liguri.<\/p>\n","protected":false},"excerpt":{"rendered":"<p>&#8220;I soldi che pensano di stanziare sono pochi spiccioli: si sveglino!&#8221;<\/p>\n","protected":false},"author":11510,"featured_media":0,"comment_status":"open","ping_status":"closed","sticky":false,"template":"","format":"standard","meta":{"footnotes":""},"categories":[31],"tags":[113557,596,223,30381],"class_list":["post-498877","post","type-post","status-publish","format-standard","hentry","category-politica","tag-agenzie-viaggio","tag-partito-democratico","tag-regione-liguria","tag-tour-operator","post_cat_citta-genova"],"amp_validity":null,"amp_enabled":true,"_links":{"self":[{"href":"https:\/\/staging.ivg.it\/ediapi\/wp\/v2\/posts\/498877","targetHints":{"allow":["GET"]}}],"collection":[{"href":"https:\/\/staging.ivg.it\/ediapi\/wp\/v2\/posts"}],"about":[{"href":"https:\/\/staging.ivg.it\/ediapi\/wp\/v2\/types\/post"}],"author":[{"embeddable":true,"href":"https:\/\/staging.ivg.it\/ediapi\/wp\/v2\/users\/11510"}],"replies":[{"embeddable":true,"href":"https:\/\/staging.ivg.it\/ediapi\/wp\/v2\/comments?post=498877"}],"version-history":[{"count":0,"href":"https:\/\/staging.ivg.it\/ediapi\/wp\/v2\/posts\/498877\/revisions"}],"wp:attachment":[{"href":"https:\/\/staging.ivg.it\/ediapi\/wp\/v2\/media?parent=498877"}],"wp:term":[{"taxonomy":"category","embeddable":true,"href":"https:\/\/staging.ivg.it\/ediapi\/wp\/v2\/categories?post=498877"},{"taxonomy":"post_tag","embeddable":true,"href":"https:\/\/staging.ivg.it\/ediapi\/wp\/v2\/tags?post=498877"}],"curies":[{"name":"wp","href":"https:\/\/api.w.org\/{rel}","templated":true}]}}