{"id":498873,"date":"2020-06-10T09:23:41","date_gmt":"2020-06-10T07:23:41","guid":{"rendered":"http:\/\/www.ivg.it\/?p=498873"},"modified":"2020-06-10T09:23:41","modified_gmt":"2020-06-10T07:23:41","slug":"frana-e-chiusura-prolungata-il-casello-di-masone-non-riaprira-sino-al-19-giugno","status":"publish","type":"post","link":"https:\/\/staging.ivg.it\/2020\/06\/frana-e-chiusura-prolungata-il-casello-di-masone-non-riaprira-sino-al-19-giugno\/","title":{"rendered":"Frana e chiusura prolungata: il casello di Masone non riaprir\u00e0 sino al 19 giugno"},"content":{"rendered":"<p><b>Masone.<\/b> Una chiusura al traffico prolungata quella del casello di Masone a causa della frana che da ieri insiste proprio sulla rampa di accesso all\u2019autostrada A26.<\/p>\n<p>Il casello, secondo quanto riferisce Autostrade per l\u2019Italia, rester\u00e0 chiuso al <b>fino alle 20 del 19 giugno<\/b> in entrambe le direzioni.\u00a0Sia per chi deve dirigersi verso Gravellona Toce, sia per chi deve andare a Voltri, l\u2019entrata consigliata \u00e8 sempre Ovada.<\/p>\n<p>Dopo le proteste di ieri dei sindaci della valle Stura a causa della chiusura in direzione Nord sulla SP456 del Turchino e la chiusura direzione Sud della A26 preclusa anche ai mezzi di soccorso, la Provincia di Alessandria ha riaperto il tratto a mezzanotte in localit\u00e0 Gnocchetto.<\/p>\n<p>Sar\u00e0 una settimana d\u2019inferno per chi si muove sulla A26, anche perch\u00e9 sono <b>confermate le chiusure notturne per lavori.<\/b> In particolare dalle 22 di oggi alle 6 di domani, sar\u00e0 chiuso il tratto verso Genova tra Masone e l\u2019allacciamento con la A10 Genova-Savona.<\/p>\n<p>Dalle 22 di gioved\u00ec 11 alle 6 di venerd\u00ec 12 giugno, sar\u00e0 chiuso il tratto in entrambe le direzioni, verso Genova e Alessandria\/Gravellona Toce, tra Masone e l\u2019allacciamento con la A10 Genova-Savona. Nella stessa notte sar\u00e0 contestualmente chiusa anche l\u2019area di servizio \u201cTurchino Est\u201d situata tra l\u2019allacciamento A10 e Masone, verso Gravellona Toce.<\/p>\n<p>Dalle 2 alle 6 di sabato 13 giugno, per consentire il transito di trasporti eccezionali, sar\u00e0 chiuso il tratto verso Genova tra Masone e l\u2019allacciamento con la A10 Genova-Savona.<\/p>\n<p>Infine dalla mezzanotte alle 4 di domenica 14 giugno, per consentire il transito di trasporti eccezionali, sar\u00e0 chiuso il tratto verso Alessandria\/Gravellona Toce, tra l\u2019allacciamento con la A10 Genova-Savona e Masone. Sar\u00e0 contestualmente chiusa anche l\u2019area di servizio \u201cTurchino Est\u201d situata tra l\u2019allacciamento A10 e Masone, verso Gravellona Toce.<\/p>\n<p><b>Nel consigliare gli itinerari alternativi Autostrade per\u00f2 non ha ancora modificato il fatto che l\u2019uscita obbligatoria non potr\u00e0 pi\u00f9 essere a Masone, ma a Ovada<\/b>. I mezzi con massa superiore alle 7,5 tonnellate diretti verso Genova sono obbligati a percorrere la D26 diramazione Predosa Bettole e proseguire sulla A7 Serravalle-Genova in direzione di Genova, quelli diretti verso Gravellona Toce dovranno percorrere la A7 Serravalle-Genova con ingresso alla barriera di Genova Ovest e poi prendere la diramazione.<\/p>\n","protected":false},"excerpt":{"rendered":"<p>Ieri sera, dopo la consultazione con i sindaci, la Provincia di Alessandria aveva riaperto la provinciale del Turchino verso Ovada<\/p>\n","protected":false},"author":18599,"featured_media":0,"comment_status":"open","ping_status":"closed","sticky":false,"template":"","format":"standard","meta":{"footnotes":""},"categories":[34],"tags":[2093,72059,2838],"class_list":["post-498873","post","type-post","status-publish","format-standard","hentry","category-cronaca","tag-a26","tag-autostrada-a26","tag-frana"],"amp_validity":null,"amp_enabled":true,"_links":{"self":[{"href":"https:\/\/staging.ivg.it\/ediapi\/wp\/v2\/posts\/498873","targetHints":{"allow":["GET"]}}],"collection":[{"href":"https:\/\/staging.ivg.it\/ediapi\/wp\/v2\/posts"}],"about":[{"href":"https:\/\/staging.ivg.it\/ediapi\/wp\/v2\/types\/post"}],"author":[{"embeddable":true,"href":"https:\/\/staging.ivg.it\/ediapi\/wp\/v2\/users\/18599"}],"replies":[{"embeddable":true,"href":"https:\/\/staging.ivg.it\/ediapi\/wp\/v2\/comments?post=498873"}],"version-history":[{"count":0,"href":"https:\/\/staging.ivg.it\/ediapi\/wp\/v2\/posts\/498873\/revisions"}],"wp:attachment":[{"href":"https:\/\/staging.ivg.it\/ediapi\/wp\/v2\/media?parent=498873"}],"wp:term":[{"taxonomy":"category","embeddable":true,"href":"https:\/\/staging.ivg.it\/ediapi\/wp\/v2\/categories?post=498873"},{"taxonomy":"post_tag","embeddable":true,"href":"https:\/\/staging.ivg.it\/ediapi\/wp\/v2\/tags?post=498873"}],"curies":[{"name":"wp","href":"https:\/\/api.w.org\/{rel}","templated":true}]}}