{"id":498519,"date":"2020-06-05T12:42:26","date_gmt":"2020-06-05T10:42:26","guid":{"rendered":"http:\/\/www.ivg.it\/?p=498519"},"modified":"2020-06-05T12:42:26","modified_gmt":"2020-06-05T10:42:26","slug":"riapertura-confini-regionali-allarme-federalberghi-il-mercato-alberghiero-non-riparte","status":"publish","type":"post","link":"https:\/\/staging.ivg.it\/2020\/06\/riapertura-confini-regionali-allarme-federalberghi-il-mercato-alberghiero-non-riparte\/","title":{"rendered":"Riapertura confini regionali, allarme Federalberghi: &#8220;Il mercato alberghiero non riparte&#8221;"},"content":{"rendered":"<p><strong>Provincia.<\/strong> Nonostante sia venuto meno il divieto di spostamento tra le regioni, solo il 40% degli alberghi italiani \u00e8 attualmente aperto. E il 26,8% ha gi\u00e0 deciso che rimarr\u00e0 chiuso per tutto il mese di giugno.<\/p>\n<p>Sono questi i primi risultati dell&#8217;indagine mensile di Federalberghi, presentati oggi in audizione alla Commissione Affari Costituzionali del Senato.\u00a0A maggio, nel comparto ricettivo sono andati in fumo circa 118 mila posti di lavoro stagionali.\u00a0Solo il 78,9% degli alberghi italiani prevede di essere aperto ad agosto, nonostante si tratti tradizionalmente del mese clou per il mercato delle vacanze.<\/p>\n<p>Bernab\u00f3 Bocca, presidente di Federalberghi, va dritto al punto: &#8220;Noi lottiamo con i denti per ripartire e confidiamo che nei prossimi mesi il sentiment possa migliorare, ma la circostanza che a maggio, per il terzo mese consecutivo, si sia di fatto registrato il totale azzeramento delle attivit\u00e0, mette una pietra tombale sui conti della stagione primaverile, che quest&#8217;anno \u00e8 stata cancellata dal calendario, insieme a pi\u00f9 di ottanta milioni di presenze&#8221;.<\/p>\n<p>&#8220;Anche la stagione estiva \u00e8 a rischio &#8211; prosegue Bocca &#8211; le prenotazioni languono, i telefoni non squillano, siamo in apprensione per le sorti delle nostre imprese. Le prime vittime rischiano di essere cinquecentomila lavoratori stagionali che non saranno riassunti e le loro famiglie. Ma si addensano nubi fosche all&#8217;orizzonte anche per il milione di dipendenti in attesa di capire se al termine della cassa integrazione troveranno un&#8217;azienda in attivit\u00e0, che tenta faticosamente di rimettersi in piedi, o un portone chiuso&#8221;.<\/p>\n<p>&#8220;Al Governo e al Parlamento, dice Bocca, chiediamo uno scatto di reni. Alcuni dei provvedimenti sin qui adottati vanno nella direzione giusta, ma lo fanno con una lentezza esasperante e senza il vigore necessario. Occorre potenziarne la portata, aumentando le risorse a sostegno del turismo ed accelerando i tempi di effettiva entrata in vigore, altrimenti le imprese non ce la faranno&#8221;.<\/p>\n","protected":false},"excerpt":{"rendered":"<p>Solo il 40% degli alberghi \u00e8 in attivit\u00e0. A maggio persi 118mila posti di lavoro.<\/p>\n","protected":false},"author":17962,"featured_media":0,"comment_status":"open","ping_status":"closed","sticky":false,"template":"","format":"standard","meta":{"footnotes":""},"categories":[56,35],"tags":[113852,4597,12629,107],"class_list":["post-498519","post","type-post","status-publish","format-standard","hentry","category-altre","category-economia","tag-federalbegheri","tag-regioni","tag-riapertura","tag-turismo"],"amp_validity":null,"amp_enabled":true,"_links":{"self":[{"href":"https:\/\/staging.ivg.it\/ediapi\/wp\/v2\/posts\/498519","targetHints":{"allow":["GET"]}}],"collection":[{"href":"https:\/\/staging.ivg.it\/ediapi\/wp\/v2\/posts"}],"about":[{"href":"https:\/\/staging.ivg.it\/ediapi\/wp\/v2\/types\/post"}],"author":[{"embeddable":true,"href":"https:\/\/staging.ivg.it\/ediapi\/wp\/v2\/users\/17962"}],"replies":[{"embeddable":true,"href":"https:\/\/staging.ivg.it\/ediapi\/wp\/v2\/comments?post=498519"}],"version-history":[{"count":0,"href":"https:\/\/staging.ivg.it\/ediapi\/wp\/v2\/posts\/498519\/revisions"}],"wp:attachment":[{"href":"https:\/\/staging.ivg.it\/ediapi\/wp\/v2\/media?parent=498519"}],"wp:term":[{"taxonomy":"category","embeddable":true,"href":"https:\/\/staging.ivg.it\/ediapi\/wp\/v2\/categories?post=498519"},{"taxonomy":"post_tag","embeddable":true,"href":"https:\/\/staging.ivg.it\/ediapi\/wp\/v2\/tags?post=498519"}],"curies":[{"name":"wp","href":"https:\/\/api.w.org\/{rel}","templated":true}]}}