{"id":498338,"date":"2020-06-03T09:37:30","date_gmt":"2020-06-03T07:37:30","guid":{"rendered":"http:\/\/www.ivg.it\/?p=498338"},"modified":"2020-06-03T12:01:03","modified_gmt":"2020-06-03T10:01:03","slug":"riapertura-ppi-ad-albenga-e-cairo-le-reazioni-dai-territori","status":"publish","type":"post","link":"https:\/\/staging.ivg.it\/2020\/06\/riapertura-ppi-ad-albenga-e-cairo-le-reazioni-dai-territori\/","title":{"rendered":"Riapertura PPI ad Albenga e Cairo, le reazioni dai territori"},"content":{"rendered":"<p><strong>Albenga-Cairo Montenotte.<\/strong><span class=\"Apple-converted-space\"><strong>\u00a0<\/strong>&#8220;<\/span>Entro giugno la riapertura dei Punti di primo intervento e screening ad Albenga e Cairo Montenotte&#8221;. L&#8217;annuncio porta la firma del\u00a0vicepresidente e assessore alla Sanit\u00e0 regionale Sonia Viale e immediate sono iniziate le prime reazioni dai due territori.<\/p>\n<p>La scorsa settimana la piena riattivazione degli ospedali di Cairo ed Albenga, infatti, era stata al centro di un&#8217;ampia mobilitazione politico-amministrativa: numerosi sindaci della Valbormida, insieme al sindaco di Loano Luigi Pignocca, al sindaco di Varazze Alessandro Bozzano e al consigliere regionale Angelo Vaccarezza, avevano sottolineato la necessit\u00e0 di riaprire quanto prima (e comunque entro i primi giorni del mese di luglio) il San Giuseppe ed il Santa Maria di Misericordia nella loro interezza.<\/p>\n<p>Per questo, il primo cittadino di Loano Pignocca ha espresso grande soddisfazione per l&#8217;annuncio della prossima riapertura dei punti di primo intervento. Secondo quanto spiegato da Viale, &#8220;i Ppi torneranno operativi entro fine giugno&#8221;.<\/p>\n<p>&#8220;Il San Giuseppe di Cairo, &#8211; ha dichiarato Pignocca, &#8211; serve un bacino composto da ben 40 mila cittadini e rappresenta il pi\u00f9 importante e pi\u00f9 vicino polo sanitario dell&#8217;intera valle; allo stesso modo, con l&#8217;approssimarsi della stagione estiva e quindi dell&#8217;aumento delle presenze nella nostra provincia, il Santa Maria di Misericordia di Albenga rappresenta una struttura fondamentale per evitare il sovraccarico del Santa Corona di Pietra Ligure, Dea di secondo livello e quindi punto di riferimento sanitario per l&#8217;intera Riviera di Ponente&#8221;.<\/p>\n<p>&#8220;La decisione dell&#8217;amministrazione regionale di riattivare entro la fine di giugno i Ppi chiusi a causa della pandemia risponde alle istanze giunte dai territori e dagli amministratori della Valbormida e dell&#8217;intera provincia e ci riempie di soddisfazione Passata la fase pi\u00f9 acuta dell&#8217;emergenza (ma senza abbassare la guardia) riteniamo sia necessario riattivare in toto i normali servizi che il sistema sanitario regionale garantisce a tutti i residenti e turisti che, anche quest&#8217;anno, sceglieranno il nostro territorio come meta delle loro vacanze. Ci\u00f2 in attesa di un eventuale riorganizzazione della sanit\u00e0 ligure, anche alla luce delle criticit\u00e0 evidenziate dall&#8217;emergenza Covid-19&#8221;.<\/p>\n<p>&#8220;Ringrazio i colleghi sindaci, gli altri amministratori locali ed il consigliere regionale Vaccarezza per aver condiviso questo percorso e l&#8217;assessore Viale per aver ascoltato le richieste giunte dai territori. Il dialogo costante tra gli Enti Locali e le istituzioni superiori \u00e8 fondamentale per poter offrire risposte puntuali e complete alle necessit\u00e0 di tutti i cittadini&#8221;, ha concluso il sindaco di Loano.<\/p>\n<p>Soddisfazione, &#8220;con riserva&#8221;, se cos\u00ec si pu\u00f2 dire, \u00e8 stata espressa anche dal senatore Paolo Ripamonti e dall&#8217;onorevole Sara Foscolo, entrambi della Lega, che hanno per\u00f2 chiesto che &#8220;si velocizzi la riapertura, in particolare per quanto riguarda Albenga,\u00a0in vista di flussi turistici alle porte\u201d.<\/p>\n<p>\u201cPrendiamo atto con soddisfazione del segnale da parte dell\u2019assessore regionale alla Sanit\u00e0 sull\u2019annosa questione legata alla riapertura dei Punti di primo soccorso, &#8211; ha dichiarato il duo leghista. &#8211; La sua visione regionale \u00e8 assolutamente comprensibile, ma per la provincia di Savona le tempistiche che vengono date non ci possono soddisfare. Parlare di riattivazione entro giugno significa, al pi\u00f9 tardi, riaprire i Ppi 27 giorni dopo la riapertura degli spostamenti tra regioni. Questo sarebbe in concomitanza con un incremento massiccio di presenze nella nostra provincia e di conseguenza potenziali accessi al Santa Corona di Pietra Ligure, peraltro gi\u00e0 sotto stress per questi mesi di emergenza Covid-19&#8221;.<\/p>\n<p>&#8220;Sappiamo che il Ppi di Albenga per accessi, struttura e personale sarebbe nelle condizioni di aprire molto prima di quanto preventivato, cos\u00ec come il Ppi di Cairo Montenotte, con tempistiche diverse. Fatto salvo che l\u2019impegno a \u00a0riaprire tutti i Ppi della provincia sia meritevole, sentiamo il dovere di rivendicare che per Albenga si velocizzi pi\u00f9 possibile senza associarne l\u2019apertura a quella di Cairo, visto che risulta chiaro a tutti non abbiano le stesse condizioni per farlo\u201d, hanno concluso Foscolo e Ripamonti.<\/p>\n<p>Sull&#8217;annuncio \u00e8 intervenuto anche il presidente della Provincia Pierangelo Olivieri: &#8220;La notizia della riapertura entro la fine di giugno dei punti di primo soccorso degli ospedali di Albenga e Cairo che apprendiamo in queste ore da comunicato della Regione rappresenta una grande vittoria per il nostro territorio provinciale, una risposta concreta per le nostre comunit\u00e0, conseguenza di un lavoro di sinergia che parte dall&#8217; attenzione alle richieste dei Sindaci e che spazza via in maniera positiva strumentalizzazioni e fomentazioni di timori e paure, messaggi che erano a dir poco inopportuni per le Nostre genti, ancora di pi\u00f9 in un momento delicato come quello che stiamo tutti vivendo&#8221;.<\/p>\n","protected":false},"excerpt":{"rendered":"<p>Soddisfazione \u00e8 stata espressa dal sindaco di Loano Luigi Pignocca e dal duo leghista Ripamonti e Foscolo, che chiedono &#8220;celerit\u00e0&#8221;<\/p>\n","protected":false},"author":18599,"featured_media":0,"comment_status":"open","ping_status":"closed","sticky":false,"template":"","format":"standard","meta":{"footnotes":""},"categories":[34,31],"tags":[85498,113385,17440,26598,223],"class_list":["post-498338","post","type-post","status-publish","format-standard","hentry","category-cronaca","category-politica","tag-alisa","tag-asl-liguri","tag-ospedale-di-albenga","tag-ospedale-di-cairo","tag-regione-liguria","post_cat_citta-albenga","post_cat_citta-cairo-montenotte","post_tag_personaggi-luigi-pignocca","post_tag_personaggi-paolo-ripamonti","post_tag_personaggi-pierangelo-olivieri","post_tag_personaggi-sara-foscolo"],"amp_validity":null,"amp_enabled":true,"_links":{"self":[{"href":"https:\/\/staging.ivg.it\/ediapi\/wp\/v2\/posts\/498338","targetHints":{"allow":["GET"]}}],"collection":[{"href":"https:\/\/staging.ivg.it\/ediapi\/wp\/v2\/posts"}],"about":[{"href":"https:\/\/staging.ivg.it\/ediapi\/wp\/v2\/types\/post"}],"author":[{"embeddable":true,"href":"https:\/\/staging.ivg.it\/ediapi\/wp\/v2\/users\/18599"}],"replies":[{"embeddable":true,"href":"https:\/\/staging.ivg.it\/ediapi\/wp\/v2\/comments?post=498338"}],"version-history":[{"count":0,"href":"https:\/\/staging.ivg.it\/ediapi\/wp\/v2\/posts\/498338\/revisions"}],"wp:attachment":[{"href":"https:\/\/staging.ivg.it\/ediapi\/wp\/v2\/media?parent=498338"}],"wp:term":[{"taxonomy":"category","embeddable":true,"href":"https:\/\/staging.ivg.it\/ediapi\/wp\/v2\/categories?post=498338"},{"taxonomy":"post_tag","embeddable":true,"href":"https:\/\/staging.ivg.it\/ediapi\/wp\/v2\/tags?post=498338"}],"curies":[{"name":"wp","href":"https:\/\/api.w.org\/{rel}","templated":true}]}}