{"id":498252,"date":"2020-06-01T14:00:19","date_gmt":"2020-06-01T12:00:19","guid":{"rendered":"http:\/\/www.ivg.it\/?p=498252"},"modified":"2020-06-01T14:03:25","modified_gmt":"2020-06-01T12:03:25","slug":"cairo-gli-otto-comuni-definiti-telecomandati-fanno-chiarezza-sulle-loro-intenzioni","status":"publish","type":"post","link":"https:\/\/staging.ivg.it\/2020\/06\/cairo-gli-otto-comuni-definiti-telecomandati-fanno-chiarezza-sulle-loro-intenzioni\/","title":{"rendered":"Cairo, gli otto comuni definiti &#8220;telecomandati&#8221; fanno chiarezza sulle loro intenzioni"},"content":{"rendered":"<p><strong>Plodio<\/strong>. Sindaci divisi sull&#8217;apertura dell&#8217;ospedale di Cairo? Sembra di no, ma la confusione \u00e8 emersa dopo la richiesta della convocazione del distretto socio sanitario delle Bormide, sottoscritta dai Comuni di Altare, Bardineto, Carcare, Cosseria, Millesimo, Murialdo, Plodio (promotore dell&#8217;iniziativa) e Roccavignale (in cui si chiedevano anche garanzie sul San Giuseppe) e la risposta di altri dieci sindaci, guidati da Paolo Lambertini, che metteva come &#8220;paletto&#8221; il primo luglio per la riattivazione del servizio.<\/p>\n<p>Ora dal primo gruppo di enti locali valbormidese arriva un chiarimento. &#8220;Ci ha veramente sorpresi che la nostra richiesta abbia generato una reazione un po&#8217; nervosa da parte di alcuni &#8211; scrivono Roberto Briano, Franca Mattiauda, Christian De Vecchi, Roberto Molinaro, Aldo Picalli, Giacomo Pronzalino, Gabriele Badano e Amedeo Fracchia, sindaci dei Comuni citati &#8211; Cogliamo comunque il fatto che anche le polemiche proposte sugli organi di informazione abbiano il merito di proporre ai valbormidesi le problematiche in questione. Detto ci\u00f2, il documento cui fa riferimento il sindaco di Cairo \u00e8 giunto dopo il nostro tam tam telefonico; fino ad allora ci eravamo confrontati con i cittadini, il personale dell&#8217;ospedale e il Comitato sanitario, tutti preoccupati per la situazione, \u00e8 cos\u00ec \u00e8 scaturita la nostra richiesta&#8221;.<\/p>\n<p>E proseguono: &#8220;Ci auguriamo che si sia trattato di una semplice &#8216;dimenticanza&#8217;, e non vogliamo pensare ai &#8216;telecomandi&#8217;, evocati invece da altri, che potrebbero aver fatto ritardare l&#8217;invio delle comunicazioni anche a noi. Siamo felici del fatto che le istanze comuni siano state recepite dalla Regione Liguria, seppur a fronte di una sterile polemica tra sindaci dello stesso territorio. Ci\u00f2 conferma che non siamo mossi da contrapposizioni politiche ma lottiamo tutti per salvaguardare i servizi. Speriamo di riportare in una sede istituzionale il confronto che, per noi, deve portare alla rivendicazione di un pronto soccorso e non di un punto di primo intervento. Non chiedevamo date perentorie, ma un termine entro il quale, la nostra valle, potr\u00e0 di nuovo essere assistita a dovere. Oltre all&#8217;ospedale, infatti, ci sono problematiche quali la chiusura di servizi territoriali e l&#8217;organizzazione delle Pubbliche assistenze, temi su cui i sindaci dovrebbero fare fronte comune&#8221;, concludono gli otto primi cittadini.<\/p>\n","protected":false},"excerpt":{"rendered":"<p>&#8220;Una sterile polemica mediatica, ci auguriamo solo di confrontarci nelle sedi istituzionali&#8221;<\/p>\n","protected":false},"author":12120,"featured_media":0,"comment_status":"open","ping_status":"closed","sticky":false,"template":"","format":"standard","meta":{"footnotes":""},"categories":[45296,31],"tags":[14380],"class_list":["post-498252","post","type-post","status-publish","format-standard","hentry","category-copertina","category-politica","tag-ospedale-cairo"],"amp_validity":null,"amp_enabled":true,"_links":{"self":[{"href":"https:\/\/staging.ivg.it\/ediapi\/wp\/v2\/posts\/498252","targetHints":{"allow":["GET"]}}],"collection":[{"href":"https:\/\/staging.ivg.it\/ediapi\/wp\/v2\/posts"}],"about":[{"href":"https:\/\/staging.ivg.it\/ediapi\/wp\/v2\/types\/post"}],"author":[{"embeddable":true,"href":"https:\/\/staging.ivg.it\/ediapi\/wp\/v2\/users\/12120"}],"replies":[{"embeddable":true,"href":"https:\/\/staging.ivg.it\/ediapi\/wp\/v2\/comments?post=498252"}],"version-history":[{"count":0,"href":"https:\/\/staging.ivg.it\/ediapi\/wp\/v2\/posts\/498252\/revisions"}],"wp:attachment":[{"href":"https:\/\/staging.ivg.it\/ediapi\/wp\/v2\/media?parent=498252"}],"wp:term":[{"taxonomy":"category","embeddable":true,"href":"https:\/\/staging.ivg.it\/ediapi\/wp\/v2\/categories?post=498252"},{"taxonomy":"post_tag","embeddable":true,"href":"https:\/\/staging.ivg.it\/ediapi\/wp\/v2\/tags?post=498252"}],"curies":[{"name":"wp","href":"https:\/\/api.w.org\/{rel}","templated":true}]}}