{"id":497966,"date":"2020-05-28T11:33:20","date_gmt":"2020-05-28T09:33:20","guid":{"rendered":"http:\/\/www.ivg.it\/?p=497966"},"modified":"2020-05-28T11:33:20","modified_gmt":"2020-05-28T09:33:20","slug":"spiagge-libere-il-sindaco-di-borghetto-scrive-al-prefetto-lemergenza-sanitaria-puo-trasformarsi-in-emergenza-di-ordine-pubblico","status":"publish","type":"post","link":"https:\/\/staging.ivg.it\/2020\/05\/spiagge-libere-il-sindaco-di-borghetto-scrive-al-prefetto-lemergenza-sanitaria-puo-trasformarsi-in-emergenza-di-ordine-pubblico\/","title":{"rendered":"Spiagge libere, il sindaco di Borghetto scrive al prefetto: &#8220;L&#8217;emergenza sanitaria pu\u00f2 trasformarsi in emergenza di ordine pubblico&#8221;"},"content":{"rendered":"<p><strong>Borghetto Santo Spirito<\/strong>. Il sindaco di Borghetto, Giancarlo Canepa, ha inviato al prefetto di Savona, Antonio Canan\u00e0, una letta per richiedere la convocazione del Comitato provinciale per l&#8217;ordine e la sicurezza pubblica per discutere della \u201cquestione\u201d della gestione delle spiagge libere. Un tema che, con l&#8217;approssimarsi dell&#8217;inizio della stagione balneare, \u00e8 da diversi giorni al centro del dibattito politico-economico-amministrativo per i rischi connessi alle difficolt\u00e0 di applicazione delle misure anti-Covid.<\/p>\n<p>\u201cSta per avere inizio la stagione balneare la cui importanza per il turismo e quindi per l&#8217;economia dell&#8217;intera Regione e in particolare della nostra provincia \u00e8 ben nota \u2013 scrive il sindaco Canepa \u2013 A breve, con molta probabilit\u00e0, i limiti alla circolazione tra regioni verranno rimossi e ci\u00f2 avr\u00e0 importanti riflessi sulle presenze turistiche nei nostri territori soprattutto nelle localit\u00e0 costiere. In questo clima di grande incertezza legata all&#8217;emergenza Covid-19 vi sono alcune questioni legate all&#8217;ordine pubblico che destano grande preoccupazione\u201d.<\/p>\n<p>\u201cIn primis la questione legata alla gestione delle spiagge pubbliche. Da sempre le cosiddette spiagge libere ospitano moltissimi turisti. Quest&#8217;anno, stante le misure di contenimento e gestione epidemiologica da Covid-19 e lo stato emergenziale ancora in atto che ha comportato la diminuita capienza degli stabilimenti balneari e, conseguentemente, anche delle spiagge libere, ritengo ci si trover\u00e0 a dover gestire diverse problematiche. In primo luogo, nelle spiagge libere, il contingentamento degli accessi volto al mantenimento del distanziamento sociale difficilmente potr\u00e0 essere completamente risolto con la semplice apposizione di cartellonistica informativa, unica soluzione attualmente applicabile dai piccoli comuni ma che si cala in una realt\u00e0 in cui si \u00e8 sempre combattuto per contrastare, onestamente senza grandi risultati, il fenomeno dell&#8217;occupazione abusiva del suolo demaniale con ombrelloni e sdraio abbandonate senza presidio e in maniera indiscriminata\u201d.<\/p>\n<p>\u201cSoprattutto nei week end e per l&#8217;intero mese di agosto temiamo che possa capitare che grossi flussi di persone che si recheranno nelle nostre cittadine non possano poi accedere al mare. Visto che gli stabilimenti balneari potranno ospitare circa il 40 per cento in meno degli avventori abituali e che le stesse spiagge libere non avranno, ipoteticamente, la consueta capienza, alla luce dei picchi dei fine settimana che arrivano a contare anche 30.000\/40.000 presenze, il numero delle persone &#8216;chiuse fuori&#8217; dalle spiagge potrebbe raggiungere livelli molto alti e assolutamente ingestibili con le forze locali\u201d.<\/p>\n<p>\u201cIn questo contesto non \u00e8 neppure da sottovalutare l&#8217;abusivismo commerciale dei &#8216;v\u00f9 cumpr\u00e0&#8217; che, trovando difficolt\u00e0 ad accedere all&#8217;interno degli stabilimenti balneari, difficilmente continuer\u00e0 ad essere itinerante ma tender\u00e0 a essere stanziale sulle stesse passeggiate a mare dove, come detto, sar\u00e0 anche possibile una contestuale e numerosa presenza di persone che non saranno riuscite a trovare un posto nelle spiagge. In ultimo saranno prevedibili momenti di tensione tra i gestori degli stabilimenti balneari costretti al rispetto di rigidi protocolli nei confronti degli utenti delle spiagge libere confinanti che difficilmente saranno ugualmente rispettosi delle medesime prescrizioni oltre che tra gli stessi occupanti delle spiagge libere per problemi legati al mancato rispetto del distanziamento sociale. A mio modesto avviso sussistono tutti i presupposti affinch\u00e9 un&#8217;emergenza sanitaria come quella del Covid si trasformi in un&#8217;emergenza di ordine pubblico\u201d.<\/p>\n<p>\u201cNonostante l&#8217;argomento sia stato affrontato in diverse sedi e siano state emesse linee guida dagli organi competenti, lo stesso non risulta assolutamente e facilmente gestibile, soprattutto a fronte delle ridotte disponibilit\u00e0 economiche, strumentali e di risorse umane degli Enti Locali\u201d.<\/p>\n<p>Per questo motivo, Canepa chiede \u201cdi valutare la possibilit\u00e0 di convocare un&#8217;apposita riunione del Comitato provinciale per l&#8217;ordine e la sicurezza pubblica con la partecipazione di tutti i Comuni costieri al fine di analizzare collegialmente, tra tutti gli Enti ed organismi interessati a fronteggiare la situazione comprese le associazioni di categoria del comparo balneare e mettere in campo tutti gli strumenti possibili previsti dalla legge\u201d.<\/p>\n","protected":false},"excerpt":{"rendered":"<p>&#8220;Il tema non risulta facilmente gestibile, soprattutto a fronte delle ridotte disponibilit\u00e0 economiche, strumentali e di risorse umane degli Enti Locali&#8221;<\/p>\n","protected":false},"author":12120,"featured_media":0,"comment_status":"open","ping_status":"closed","sticky":false,"template":"","format":"standard","meta":{"footnotes":""},"categories":[45296,35,31],"tags":[87321,100157],"class_list":["post-497966","post","type-post","status-publish","format-standard","hentry","category-copertina","category-economia","category-politica","tag-comitato-per-lordine-e-la-sicurezza-pubblica","tag-comune-di-borghetto","post_tag_personaggi-antonio-canana","post_tag_personaggi-giancarlo-canepa"],"amp_validity":null,"amp_enabled":true,"_links":{"self":[{"href":"https:\/\/staging.ivg.it\/ediapi\/wp\/v2\/posts\/497966","targetHints":{"allow":["GET"]}}],"collection":[{"href":"https:\/\/staging.ivg.it\/ediapi\/wp\/v2\/posts"}],"about":[{"href":"https:\/\/staging.ivg.it\/ediapi\/wp\/v2\/types\/post"}],"author":[{"embeddable":true,"href":"https:\/\/staging.ivg.it\/ediapi\/wp\/v2\/users\/12120"}],"replies":[{"embeddable":true,"href":"https:\/\/staging.ivg.it\/ediapi\/wp\/v2\/comments?post=497966"}],"version-history":[{"count":0,"href":"https:\/\/staging.ivg.it\/ediapi\/wp\/v2\/posts\/497966\/revisions"}],"wp:attachment":[{"href":"https:\/\/staging.ivg.it\/ediapi\/wp\/v2\/media?parent=497966"}],"wp:term":[{"taxonomy":"category","embeddable":true,"href":"https:\/\/staging.ivg.it\/ediapi\/wp\/v2\/categories?post=497966"},{"taxonomy":"post_tag","embeddable":true,"href":"https:\/\/staging.ivg.it\/ediapi\/wp\/v2\/tags?post=497966"}],"curies":[{"name":"wp","href":"https:\/\/api.w.org\/{rel}","templated":true}]}}