{"id":497965,"date":"2020-05-28T11:23:06","date_gmt":"2020-05-28T09:23:06","guid":{"rendered":"http:\/\/www.ivg.it\/?p=497965"},"modified":"2020-05-28T11:23:06","modified_gmt":"2020-05-28T09:23:06","slug":"a-legino-arriva-la-mascherina-sospesa-per-chi-non-puo-permettersela","status":"publish","type":"post","link":"https:\/\/staging.ivg.it\/2020\/05\/a-legino-arriva-la-mascherina-sospesa-per-chi-non-puo-permettersela\/","title":{"rendered":"A Legino arriva la &#8220;mascherina sospesa&#8221; per chi non pu\u00f2 permettersela"},"content":{"rendered":"<p><strong>Savona<\/strong>. Una \u201cmascherina sospesa\u201d da comprare e lasciare in giacenza, finch\u00e9 qualcuno che non potr\u00e0 permettersi di acquistarle non verr\u00e0 a ritirarla. E&#8217; questo il progetto di solidariet\u00e0 per gli abitanti del quartiere lanciato dal Gruppo Leze Legino e dalla Farmacia di Legino.<\/p>\n<p>Chiunque faccia acquisti o compri le proprie mascherine presso la farmacia potr\u00e0 decidere di lasciarne una o pi\u00f9 di una &#8220;in sospeso&#8221; per le persone che non possono acquistarle con regolarit\u00e0. La mascherina singola costa 50 centesimi.<\/p>\n<p>Ovviamente il progetto non si ferma alle mascherine: \u00e8 infatti possibile acquistare altri generi di necessit\u00e0.<\/p>\n<p>Nei prossimi giorni gli organizzatori forniranno ulteriori particolari sulle modalit\u00e0 di distribuzione, ma intanto il progetto \u00e8 gi\u00e0 in rampa di lancio: \u201cE&#8217; un atto di solidariet\u00e0 e vicinanza, in un periodo che ci ha visto tutti colpiti nel profondo. Un piccolo atto, che a molti di noi costa pochi centesimi, ma \u00e8 significativo per tanti altri cittadini leginesi. Invitiamo tutti ad aderire per quanto possibile e ringraziamo chi lo far\u00e0\u201d.<\/p>\n","protected":false},"excerpt":{"rendered":"<p>Il progetto di solidariet\u00e0 per gli abitanti del quartiere lanciato dal Gruppo Leze Legino e dalla Farmacia di Legino<\/p>\n","protected":false},"author":12120,"featured_media":0,"comment_status":"open","ping_status":"closed","sticky":false,"template":"","format":"standard","meta":{"footnotes":""},"categories":[45296,56],"tags":[],"class_list":["post-497965","post","type-post","status-publish","format-standard","hentry","category-copertina","category-altre","post_cat_citta-savona"],"amp_validity":null,"amp_enabled":true,"_links":{"self":[{"href":"https:\/\/staging.ivg.it\/ediapi\/wp\/v2\/posts\/497965","targetHints":{"allow":["GET"]}}],"collection":[{"href":"https:\/\/staging.ivg.it\/ediapi\/wp\/v2\/posts"}],"about":[{"href":"https:\/\/staging.ivg.it\/ediapi\/wp\/v2\/types\/post"}],"author":[{"embeddable":true,"href":"https:\/\/staging.ivg.it\/ediapi\/wp\/v2\/users\/12120"}],"replies":[{"embeddable":true,"href":"https:\/\/staging.ivg.it\/ediapi\/wp\/v2\/comments?post=497965"}],"version-history":[{"count":0,"href":"https:\/\/staging.ivg.it\/ediapi\/wp\/v2\/posts\/497965\/revisions"}],"wp:attachment":[{"href":"https:\/\/staging.ivg.it\/ediapi\/wp\/v2\/media?parent=497965"}],"wp:term":[{"taxonomy":"category","embeddable":true,"href":"https:\/\/staging.ivg.it\/ediapi\/wp\/v2\/categories?post=497965"},{"taxonomy":"post_tag","embeddable":true,"href":"https:\/\/staging.ivg.it\/ediapi\/wp\/v2\/tags?post=497965"}],"curies":[{"name":"wp","href":"https:\/\/api.w.org\/{rel}","templated":true}]}}