{"id":497952,"date":"2020-05-28T10:17:09","date_gmt":"2020-05-28T08:17:09","guid":{"rendered":"http:\/\/www.ivg.it\/?p=497952"},"modified":"2020-05-28T10:17:09","modified_gmt":"2020-05-28T08:17:09","slug":"federtennis-liguria-al-fianco-dei-suoi-circoli-ecco-il-piano-di-sostegno-alle-attivita","status":"publish","type":"post","link":"https:\/\/staging.ivg.it\/2020\/05\/federtennis-liguria-al-fianco-dei-suoi-circoli-ecco-il-piano-di-sostegno-alle-attivita\/","title":{"rendered":"Federtennis Liguria al fianco dei suoi circoli: ecco il piano di sostegno alle attivit\u00e0"},"content":{"rendered":"<p><strong>Savona<\/strong>. Il Comitato regionale della Federtennis annuncia le <strong>misure studiate per aiutare i circoli della Liguria in ottica ripartenza.<\/strong><\/p>\n<p>&#8220;Abbiamo pensato di destinare l&#8217;intera dotazione annuale del Comitato<strong> per venire incontro alle esigenze dei circoli, delle scuole tennis e, in generale, l&#8217;attivit\u00e0 promozionale e agonistica<\/strong> &#8211; afferma <strong>Andrea Fossati,<\/strong> numero uno della Fit Liguria -. <strong>Nei campionati a squadre giovanili, intendiamo sostenere ogni squadra che conferma l&#8217;iscrizione. Per chi organizza manifestazioni giovanili, intendiamo dare un contributo per ogni iscritto partecipante<\/strong>&#8220;.<\/p>\n<p>&#8220;<strong>Saranno a carico di Fit Liguria anche le spese degli ufficiali di gara<\/strong> e destineremo, a favore di ogni circolo ospitante, <strong>un ingente contributo in materiali<\/strong> (palle da tennis e premi). Faremo lo stesso per i Tpra. Aiuteremo, inoltre, chi \u00e8 impegnato nell&#8217;attivit\u00e0 di paddle con contributo economico e rimborso delle tasse di iscrizione&#8221; procede Fossati.<\/p>\n<p>Il presidente del comitato ligure della Federtennis racconta anche<strong> l&#8217;iter avviato in questi due mesi per consentire al tennis di rimettersi in moto.<\/strong> &#8220;C&#8217;\u00e8 stato un grande lavoro da parte della Fit e del nostro presidente Binaghi, in contatto con il Ministro dello Sport, i vertici di Sport e Salute e del Coni per far comprendere come il tennis sia uno degli sport pi\u00f9 sicuri&#8221;.<\/p>\n<p>Tutto questo \u00e8 stato certificato anche dal documento redatto dal Politecnico di Torino dove il tennis risulta esser sport con rischio di contagio tendente quasi a zero. &#8220;Da un lato<strong> la Fit ha agito con il Ministero per il riconoscimento del tennis tra le discipline pi\u00f9 sicure<\/strong> e noi, contestualmente a quest&#8217;azione nazionale, in Liguria abbiamo attivato i nostri contatti con l&#8217;assessore Ilaria Cavo, sempre molto attenta al mondo sportivo in generale e al tennis in particolare.<strong> Abbiamo cos\u00ec ottenuto ordinanze anticipatorie rispetto alle aperture <\/strong>dei vari Dpcm&#8221;.<\/p>\n<p><strong>Dal 4 maggio, in Liguria, si \u00e8 potuto riprendere a giocare in singolare.<\/strong> &#8220;Tutto ci\u00f2 ha permesso ai nostri appassionati di ricalcare i campi e ai nostri maestri di riprendere l&#8217;attivit\u00e0 lavorative con le lezioni private&#8221;. La sinergia tra Fit Liguria e Regione Liguria \u00e8 stata determinante.<\/p>\n<p><strong>Il secondo step, la riapertura dei circoli, \u00e8 avvenuto una settimana fa.<\/strong> Adesso l&#8217;attivit\u00e0 \u00e8 a pieno regime a seguito dell&#8217;ultimo protocollo della Federazione che ha chiarito possibilit\u00e0 di giocare in doppio e in tutte le sue forme con distanza dei due metri e con prescrizioni facilmente applicabili.<\/p>\n<p>Fossati traccia anche la rotta per il futuro del tennis. &#8220;<strong>Buona parte del mese di giugno trascorrer\u00e0 senza competizioni individuali e a squadre.<\/strong> I circoli si adegueranno compiutamente alle norme, i nostri atleti potranno allenarsi e prepararsi&#8221;.<\/p>\n<p><strong>Il via lo daranno i campionati italiani il 21 giugno a Todi.<\/strong> &#8220;La Serie A a squadre, molto probabilmente, si giocher\u00e0 a luglio con TC Genova, Park Genova e TC Santa Margherita Ligure. Sempre a luglio, noi vorremmo far partire tutta l&#8217;attivit\u00e0 individuale dei torni e i campionati a squadre giovanili per sviluppare i Tricolori a settembre. Attivit\u00e0 over e a squadre slitteranno in autunno&#8221;.<\/p>\n<p>Sul <strong>rinvio dell&#8217;Aon Challenger &#8211; Memorial Giorgio Messina al 2021<\/strong>, &#8220;\u00e8 stata una scelta del comitato organizzatore e del presidente Iguera che Fit Liguria ha pienamente condiviso: siamo convinti che l&#8217;anno prossimo si ripartir\u00e0 pi\u00f9 forti di prima&#8221;.<\/p>\n","protected":false},"excerpt":{"rendered":"<p>La Fit regionale ha annunciato le misure studiate per aiutare tutti a ripartire in questo difficile periodo<\/p>\n","protected":false},"author":18,"featured_media":0,"comment_status":"open","ping_status":"closed","sticky":false,"template":"","format":"standard","meta":{"footnotes":""},"categories":[45296,42377,32],"tags":[20697,3014],"class_list":["post-497952","post","type-post","status-publish","format-standard","hentry","category-copertina","category-altri-sport","category-sport","tag-fit","tag-tennis","post_tag_personaggi-andrea-fossati"],"amp_validity":null,"amp_enabled":true,"_links":{"self":[{"href":"https:\/\/staging.ivg.it\/ediapi\/wp\/v2\/posts\/497952","targetHints":{"allow":["GET"]}}],"collection":[{"href":"https:\/\/staging.ivg.it\/ediapi\/wp\/v2\/posts"}],"about":[{"href":"https:\/\/staging.ivg.it\/ediapi\/wp\/v2\/types\/post"}],"author":[{"embeddable":true,"href":"https:\/\/staging.ivg.it\/ediapi\/wp\/v2\/users\/18"}],"replies":[{"embeddable":true,"href":"https:\/\/staging.ivg.it\/ediapi\/wp\/v2\/comments?post=497952"}],"version-history":[{"count":0,"href":"https:\/\/staging.ivg.it\/ediapi\/wp\/v2\/posts\/497952\/revisions"}],"wp:attachment":[{"href":"https:\/\/staging.ivg.it\/ediapi\/wp\/v2\/media?parent=497952"}],"wp:term":[{"taxonomy":"category","embeddable":true,"href":"https:\/\/staging.ivg.it\/ediapi\/wp\/v2\/categories?post=497952"},{"taxonomy":"post_tag","embeddable":true,"href":"https:\/\/staging.ivg.it\/ediapi\/wp\/v2\/tags?post=497952"}],"curies":[{"name":"wp","href":"https:\/\/api.w.org\/{rel}","templated":true}]}}