{"id":497861,"date":"2020-05-27T09:58:10","date_gmt":"2020-05-27T07:58:10","guid":{"rendered":"http:\/\/www.ivg.it\/?p=497861"},"modified":"2020-05-27T09:58:10","modified_gmt":"2020-05-27T07:58:10","slug":"finale-ligure-riaprono-i-quattro-punti-informativi-iat","status":"publish","type":"post","link":"https:\/\/staging.ivg.it\/2020\/05\/finale-ligure-riaprono-i-quattro-punti-informativi-iat\/","title":{"rendered":"Finale Ligure, riaprono i quattro punti informativi Iat"},"content":{"rendered":"<p><strong>Finale Ligure.<\/strong> Alle soglie della stagione estiva, gli Iat del Finalese si preparano ad accogliere in tutta sicurezza gli ospiti che nel lungo ponte del 2 giugno; non potendo ancora superare le barriere regionali, si auspica possano spostarsi all&#8217;interno della Liguria, complice il bel tempo.<\/p>\n<p>La citt\u00e0 di Finale Ligure conta quattro punti Informazione ed Accoglienza Turistica, dislocati nei rioni di Finalmarina, Finalborgo e Varigotti. La gestione \u00e8 stata affidata in convenzione alle associazioni operative sul territorio, come da molti anni a questa parte.<\/p>\n<p>Lo Iat di Finalmarina in via San Pietro 14 sul lungomare, gestito dall&#8217;Associazione Alberghi e Turismo, aprir\u00e0 il 30 maggio (dalle 9,30 alle 12,30 e dalle 15,30 alle 18,30) e sar\u00e0 aperto il 31 maggio, l&#8217;1 e 2 giugno dalle 9,30 alle 12,30. Dal 3 giugno sar\u00e0 operativo dalle 9,30 alle 12,30 e dalle 15,30 alle 18,30. Domenica solo mattina; il luned\u00ec (tranne l&#8217;1 giugno che \u00e8 aperto) sar\u00e0 chiuso.<\/p>\n<p>A Varigotti lo Iat, situato in via Aurelia 239, gestito dall&#8217;Associazione Varigotti Insieme, sar\u00e0 aperto dal 30 maggio al 15 giugno: venerd\u00ec dalle 9,30 alle 12,30, sabato dalle 9,30 alle 12,30 e dalle 16,30 alle 18,30, domenica dalle 9,30 alle 12,30. Sar\u00e0 operativo l&#8217;1 e 2 giugno di mattina con orario 9,30-12,30. Gli orari verranno poi rimodulati dal 16 giugno per la stagione estiva.<\/p>\n<p>Finalborgo vanta ben due punti Iat, uno all&#8217;interno del borgo ed uno dedicato all&#8217;outdoor nell&#8217;area ex borgo sport. Gli orari sono i seguenti.<\/p>\n<p>Lo Iat di Finalborgo all&#8217;interno dell&#8217;Oratorio dei Disciplinanti in piazza Santa Caterina, gestito dall&#8217;Associazione Finalborgo.it, sar\u00e0 operativo sabato 30 maggio, domenica 31 maggio, luned\u00ec 1 giugno, marted\u00ec 2 giugno e poi da gioved\u00ec 4 a domenica 7 giugno; da gioved\u00ec 11 a domenica 14 giugno; da mercoled\u00ec 17 a domenica 21 giugno; da mercoled\u00ec 24 a domenica 28 giugno. L&#8217;orario sar\u00e0 dalle 9,30 alle 12,30 al mattino e dalle 15,30 alle 19,30 al pomeriggio. Dal 19 giugno gli orari muteranno in funzione del flusso turistico che ci si auspica sia maggiorato.<\/p>\n<p>Lo Iat di Finalborgo dedicato all&#8217;outdoor sar\u00e0 operativo dal 30 maggio (quindi anche il 31 maggio, l&#8217;1 e il 2 giugno) dalle 8,30 alle 12 e dalle 15,30 alle 18. Chiuso il mercoled\u00ec. \u00c8 ubicato nell&#8217;area ex borgo sport in via per Gorra a Finalborgo ed \u00e8 gestito dal Consorzio per la Promozione Turistica e la Tutela del Territorio Finalese.<\/p>\n<p>\u201cGli Iat rappresentano un punto di forza del finalese e sono un efficacissimo di strumento di accoglienza e di informazione turistica. La loro riapertura rappresenta un segnale di forte ripresa e di graduale ritorno alla normalit\u00e0&#8221; afferma l&#8217;assessore a turismo e cultura del Comune di Finale Ligure Claudio Casanova.<\/p>\n","protected":false},"excerpt":{"rendered":"<p>Due sono situati a Finalborgo, uno a Finalmarina, uno a Varigotti<\/p>\n","protected":false},"author":18,"featured_media":0,"comment_status":"open","ping_status":"closed","sticky":false,"template":"","format":"standard","meta":{"footnotes":""},"categories":[56],"tags":[8798,107],"class_list":["post-497861","post","type-post","status-publish","format-standard","hentry","category-altre","tag-iat","tag-turismo","post_cat_citta-finale-ligure","post_tag_personaggi-claudio-casanova"],"amp_validity":null,"amp_enabled":true,"_links":{"self":[{"href":"https:\/\/staging.ivg.it\/ediapi\/wp\/v2\/posts\/497861","targetHints":{"allow":["GET"]}}],"collection":[{"href":"https:\/\/staging.ivg.it\/ediapi\/wp\/v2\/posts"}],"about":[{"href":"https:\/\/staging.ivg.it\/ediapi\/wp\/v2\/types\/post"}],"author":[{"embeddable":true,"href":"https:\/\/staging.ivg.it\/ediapi\/wp\/v2\/users\/18"}],"replies":[{"embeddable":true,"href":"https:\/\/staging.ivg.it\/ediapi\/wp\/v2\/comments?post=497861"}],"version-history":[{"count":0,"href":"https:\/\/staging.ivg.it\/ediapi\/wp\/v2\/posts\/497861\/revisions"}],"wp:attachment":[{"href":"https:\/\/staging.ivg.it\/ediapi\/wp\/v2\/media?parent=497861"}],"wp:term":[{"taxonomy":"category","embeddable":true,"href":"https:\/\/staging.ivg.it\/ediapi\/wp\/v2\/categories?post=497861"},{"taxonomy":"post_tag","embeddable":true,"href":"https:\/\/staging.ivg.it\/ediapi\/wp\/v2\/tags?post=497861"}],"curies":[{"name":"wp","href":"https:\/\/api.w.org\/{rel}","templated":true}]}}