{"id":497853,"date":"2020-05-26T23:36:12","date_gmt":"2020-05-26T21:36:12","guid":{"rendered":"http:\/\/www.ivg.it\/?p=497853"},"modified":"2020-05-26T23:39:21","modified_gmt":"2020-05-26T21:39:21","slug":"lalbenga-volley-si-rinnova-marco-arrighetti-e-il-nuovo-direttore-sportivo","status":"publish","type":"post","link":"https:\/\/staging.ivg.it\/2020\/05\/lalbenga-volley-si-rinnova-marco-arrighetti-e-il-nuovo-direttore-sportivo\/","title":{"rendered":"L&#8217;Albenga Volley si rinnova, Marco Arrighetti \u00e8 il nuovo direttore sportivo"},"content":{"rendered":"<p><strong>Albenga<\/strong>. La chiusura anticipata della<strong> stagione 2019\/2020<\/strong> dovuta all\u2019emergenza Covid-19 ha spinto <strong>l&#8217;Albenga Volley ad anticipare alcune decisioni a livello organizzativo<\/strong> che erano gi\u00e0 state prese in considerazione da alcuni mesi.<\/p>\n<p>In primo luogo<strong>, sono state inserite nuove figure dirigenziali all\u2019interno della struttura societaria<\/strong> con l\u2019intento di &#8220;alleggerire&#8221; il carico di impegni per i dirigenti storici, i quali manterranno comunque alcuni dei ruoli fondamentali, e per<strong> fornire nuova linfa all\u2019interno della societ\u00e0.<\/strong><\/p>\n<p><strong>La direzione generale sar\u00e0 affidata a Massimiliano Grassadonio che si avvarr\u00e0 della collaborazione di Marco Arrighetti<\/strong> (<em>nella foto sopra<\/em>)<strong> come nuovo direttore sportivo<\/strong> e di dirigenti intraprendenti che si occuperanno di organizzare al meglio i vari settori.<\/p>\n<div class=\"single-img-content-container fullwidth-single shortcode standard\">\n    <div class=\"image_container\" style=\"text-align: center;\">\n        <picture class=\" lazyload\"><img loading=\"lazy\" class=\"lazy\" data-srcset=\"https:\/\/www.ivg.it\/photogallery_new\/images\/2020\/05\/marco-arrighetti-628135.jpg 1024w, https:\/\/www.ivg.it\/photogallery_new\/images\/2020\/05\/marco-arrighetti-628135.jpg 970w, https:\/\/www.ivg.it\/photogallery_new\/images\/2020\/05\/marco-arrighetti-628135.jpg 660w, https:\/\/www.ivg.it\/photogallery_new\/images\/2020\/05\/marco-arrighetti-628135.jpg 316w, https:\/\/www.ivg.it\/photogallery_new\/images\/2020\/05\/marco-arrighetti-628135.jpg 150w\"  data-src=\"https:\/\/www.ivg.it\/photogallery_new\/images\/2020\/05\/marco-arrighetti-628135.jpg\" alt=\"Marco Arrighetti\" \/><\/picture>\r\n\n    <\/div>\n    <\/div>\n\n<p>Mentre da una parte si \u00e8 avviato una sorta di restyling societario, dall\u2019altra parte<strong> si cercher\u00e0 di confermare per la prima squadra sia lo staff tecnico che tutte le atlete<\/strong>, dando cos\u00ec continuit\u00e0 all\u2019ottimo lavoro svolto finora e conclusosi anzitempo.<\/p>\n<p>Sempre in tema prima squadra, <strong>la societ\u00e0 albenganese ha deciso di non ricominciare con gli allenamenti in palestra.<\/strong> &#8220;Le regole sanitarie imposte dalla Federazione richiederebbero allenamenti individuali con palloni personali e una serie di obblighi che, pur essendo condivisibili, comporterebbero una serie di difficolt\u00e0 organizzative e di poco valore tecnico, tra l\u2019altro senza sapere come e quando ricominceranno le gare ufficiali&#8221; spiegano i dirigenti dell&#8217;Albenga Volley.<\/p>\n<p>&#8220;La necessit\u00e0 di incontrarsi fisicamente riscontrata invece nelle atlete di tutte le categorie &#8211; proseguono &#8211; ha portato la societ\u00e0 alla decisione di <strong>organizzare degli incontri di squadra non sportivi<\/strong> che, pur mantenendo tutte le precauzioni sanitarie necessarie in questo periodo,<strong> forniranno alle ragazze un\u2019occasione di salutarsi di persona prima della consueta pausa estiva e rinforzeranno quello spirito di appartenenza<\/strong> che ha sempre contraddistinto la societ\u00e0 ingauna&#8221;.<\/p>\n<p>&#8220;<strong>Migliorare l\u2019Albenga Volley offrendo alle nostre atlete un ambiente pi\u00f9 sano e professionale possibile<\/strong> sar\u00e0 il filo conduttore della nuova stagione sportiva che si spera potr\u00e0 ricominciare al pi\u00f9 presto&#8221; concludono.<\/p>\n","protected":false},"excerpt":{"rendered":"<p>Le ragazze riprenderanno a vedersi in gruppo, ma per questa stagione non ricominceranno gli allenamenti<\/p>\n","protected":false},"author":18,"featured_media":0,"comment_status":"open","ping_status":"closed","sticky":false,"template":"","format":"standard","meta":{"footnotes":""},"categories":[45296,399,32],"tags":[3999,85997,2066],"class_list":["post-497853","post","type-post","status-publish","format-standard","hentry","category-copertina","category-pallavolo","category-sport","tag-albenga-volley","tag-pallavolo","tag-serie-c","post_cat_citta-albenga","post_tag_personaggi-marco-arrighetti"],"amp_validity":null,"amp_enabled":true,"_links":{"self":[{"href":"https:\/\/staging.ivg.it\/ediapi\/wp\/v2\/posts\/497853","targetHints":{"allow":["GET"]}}],"collection":[{"href":"https:\/\/staging.ivg.it\/ediapi\/wp\/v2\/posts"}],"about":[{"href":"https:\/\/staging.ivg.it\/ediapi\/wp\/v2\/types\/post"}],"author":[{"embeddable":true,"href":"https:\/\/staging.ivg.it\/ediapi\/wp\/v2\/users\/18"}],"replies":[{"embeddable":true,"href":"https:\/\/staging.ivg.it\/ediapi\/wp\/v2\/comments?post=497853"}],"version-history":[{"count":0,"href":"https:\/\/staging.ivg.it\/ediapi\/wp\/v2\/posts\/497853\/revisions"}],"wp:attachment":[{"href":"https:\/\/staging.ivg.it\/ediapi\/wp\/v2\/media?parent=497853"}],"wp:term":[{"taxonomy":"category","embeddable":true,"href":"https:\/\/staging.ivg.it\/ediapi\/wp\/v2\/categories?post=497853"},{"taxonomy":"post_tag","embeddable":true,"href":"https:\/\/staging.ivg.it\/ediapi\/wp\/v2\/tags?post=497853"}],"curies":[{"name":"wp","href":"https:\/\/api.w.org\/{rel}","templated":true}]}}