{"id":497767,"date":"2020-05-26T09:26:44","date_gmt":"2020-05-26T07:26:44","guid":{"rendered":"http:\/\/www.ivg.it\/?p=497767"},"modified":"2020-05-26T09:26:44","modified_gmt":"2020-05-26T07:26:44","slug":"alassio-il-consigliere-casella-lancia-lappello-nominare-un-assessore-esterno-per-il-turismo","status":"publish","type":"post","link":"https:\/\/staging.ivg.it\/2020\/05\/alassio-il-consigliere-casella-lancia-lappello-nominare-un-assessore-esterno-per-il-turismo\/","title":{"rendered":"Alassio, il consigliere Casella lancia l&#8217;appello: &#8220;Nominare un assessore esterno per il turismo&#8221;"},"content":{"rendered":"<p><strong>Alassio.<\/strong>\u00a0&#8220;L\u2019emergenza Covid-19 ha portato stravolgimenti in ogni campo economico, colpendo in particolare quello fondamentale per Alassio, cos\u00ec che oggi c\u2019\u00e8 da ripensare o, addirittura, di \u201crivoluzionare\u201d la gestione degli spazi, l\u2019offerta, la promozione, se non la concezione stessa di turismo, del nostro splendido territorio, ascoltando i professionisti del settore&#8221;. A parlare, in una nota, \u00e8 il consigliere comunale di minoranza di &#8220;Alassio Volta Pagina&#8221; Jan Casella.<\/p>\n<p>&#8220;Ma a livello amministrativo &#8211; continua Casella &#8211; mi pare che ci si presenti un problema. Due anni fa venne assegnata a Galtieri la delega al turismo e, per la prima volta dopo tanti anni, una persona del settore otteneva l\u2019assessorato pi\u00f9 importante della citt\u00e0: oggi ognuno pu\u00f2 valutare le scelte che ha compiuto, alcune apprezzabili, altre discutibili.\u00a0Il problema \u00e8 il cambiamento intervenuto nella compagine amministrativa: la sua funzione di vicesindaco facente funzioni occupa e occuper\u00e0 Galtieri in tante e tali maniere da andare a discapito della carica di Assessore al Turismo, che fin da domani richieder\u00e0 un impegno costante ed esclusivo&#8221;.<\/p>\n<p>&#8220;Con il massimo rispetto per tutti, non penso che all\u2019interno della maggioranza ci siano altre persone con competenze adeguate per ricoprire questo assessorato. Sarebbe il caso che il Vicesindaco iniziasse a valutare la possibilit\u00e0 di nominare un Assessore al Turismo esterno, ricercandolo e concordandone il nome con le categorie economiche. Alassio ha l\u2019assoluta necessit\u00e0 di ripartire, in sicurezza e con tante idee nuove, e per farlo ha bisogno di un Assessore al Turismo a tempo pieno, professionale, dotato di una visione sul lungo periodo e che goda della stima di tutti&#8221; conclude.<\/p>\n","protected":false},"excerpt":{"rendered":"<p>&#8220;Con il massimo rispetto per tutti, non penso che all\u2019interno della maggioranza ci siano altre persone con competenze adeguate per ricoprire questo assessorato&#8221;<\/p>\n","protected":false},"author":17962,"featured_media":0,"comment_status":"open","ping_status":"closed","sticky":false,"template":"","format":"standard","meta":{"footnotes":""},"categories":[45296,56,31],"tags":[1990,107],"class_list":["post-497767","post","type-post","status-publish","format-standard","hentry","category-copertina","category-altre","category-politica","tag-assessorato","tag-turismo","post_cat_citta-alassio","post_tag_personaggi-jan-casella"],"amp_validity":null,"amp_enabled":true,"_links":{"self":[{"href":"https:\/\/staging.ivg.it\/ediapi\/wp\/v2\/posts\/497767","targetHints":{"allow":["GET"]}}],"collection":[{"href":"https:\/\/staging.ivg.it\/ediapi\/wp\/v2\/posts"}],"about":[{"href":"https:\/\/staging.ivg.it\/ediapi\/wp\/v2\/types\/post"}],"author":[{"embeddable":true,"href":"https:\/\/staging.ivg.it\/ediapi\/wp\/v2\/users\/17962"}],"replies":[{"embeddable":true,"href":"https:\/\/staging.ivg.it\/ediapi\/wp\/v2\/comments?post=497767"}],"version-history":[{"count":0,"href":"https:\/\/staging.ivg.it\/ediapi\/wp\/v2\/posts\/497767\/revisions"}],"wp:attachment":[{"href":"https:\/\/staging.ivg.it\/ediapi\/wp\/v2\/media?parent=497767"}],"wp:term":[{"taxonomy":"category","embeddable":true,"href":"https:\/\/staging.ivg.it\/ediapi\/wp\/v2\/categories?post=497767"},{"taxonomy":"post_tag","embeddable":true,"href":"https:\/\/staging.ivg.it\/ediapi\/wp\/v2\/tags?post=497767"}],"curies":[{"name":"wp","href":"https:\/\/api.w.org\/{rel}","templated":true}]}}