{"id":497721,"date":"2020-05-25T12:39:23","date_gmt":"2020-05-25T10:39:23","guid":{"rendered":"http:\/\/www.ivg.it\/?p=497721"},"modified":"2020-05-27T21:43:21","modified_gmt":"2020-05-27T19:43:21","slug":"calcio-lutto-nella-baia-alassio","status":"publish","type":"post","link":"https:\/\/staging.ivg.it\/2020\/05\/calcio-lutto-nella-baia-alassio\/","title":{"rendered":"Lutto nella Baia Alassio: \u00e8 mancata la madre di Gerry e Mario Gerundo"},"content":{"rendered":"<p><strong>Alassio.<\/strong> La <strong>Baia Alassio Calcio<\/strong> \u00e8 vicina nel dolore per la <strong>perdita della cara mamma a Gerry e Mario Gerundo e alla loro famiglia.<\/strong><\/p>\n<p>Gerry \u00e8 il direttore generale della societ\u00e0 alassina e Mario ne \u00e8 stato per un periodo il direttore sportivo.<\/p>\n<p>&#8220;A loro e alla loro famiglia vanno le pi\u00f9 sentite condoglianze&#8221; dichiara Andreino Durante a nome di tutta la <strong>Baia Alassio Calcio.<\/strong><\/p>\n<p>Il messaggio di cordoglio da parte della <strong>Fbc Veloce 1910:<\/strong> &#8220;Il Presidente Viti, unitamente all&#8217;intero Consiglio Direttivo della Fbc Veloce 1910, si unisce al dolore del Maestro Mario Gerundo, del fratello Gerry e di tutta la famiglia per la scomparsa dell&#8217;adorata mamma&#8221;.<\/p>\n<p>Il <strong>Savona Fbc<\/strong> &#8220;porge le pi\u00f9 sentite condoglianze al nostro fisioterapista Manuel Gerundo e alla sua famiglia per la scomparsa della cara nonna Maria. Vi siamo vicini&#8221;.<\/p>\n","protected":false},"excerpt":{"rendered":"<p>I messaggi di cordoglio della societ\u00e0 giallonera e della Fbc Veloce<\/p>\n","protected":false},"author":18,"featured_media":0,"comment_status":"open","ping_status":"closed","sticky":false,"template":"","format":"standard","meta":{"footnotes":""},"categories":[182,32],"tags":[46764,85989,1220],"class_list":["post-497721","post","type-post","status-publish","format-standard","hentry","category-calcio","category-sport","tag-baia-alassio-calcio","tag-calcio","tag-lutto","post_cat_citta-alassio","post_cat_citta-savona"],"amp_validity":null,"amp_enabled":true,"_links":{"self":[{"href":"https:\/\/staging.ivg.it\/ediapi\/wp\/v2\/posts\/497721","targetHints":{"allow":["GET"]}}],"collection":[{"href":"https:\/\/staging.ivg.it\/ediapi\/wp\/v2\/posts"}],"about":[{"href":"https:\/\/staging.ivg.it\/ediapi\/wp\/v2\/types\/post"}],"author":[{"embeddable":true,"href":"https:\/\/staging.ivg.it\/ediapi\/wp\/v2\/users\/18"}],"replies":[{"embeddable":true,"href":"https:\/\/staging.ivg.it\/ediapi\/wp\/v2\/comments?post=497721"}],"version-history":[{"count":0,"href":"https:\/\/staging.ivg.it\/ediapi\/wp\/v2\/posts\/497721\/revisions"}],"wp:attachment":[{"href":"https:\/\/staging.ivg.it\/ediapi\/wp\/v2\/media?parent=497721"}],"wp:term":[{"taxonomy":"category","embeddable":true,"href":"https:\/\/staging.ivg.it\/ediapi\/wp\/v2\/categories?post=497721"},{"taxonomy":"post_tag","embeddable":true,"href":"https:\/\/staging.ivg.it\/ediapi\/wp\/v2\/tags?post=497721"}],"curies":[{"name":"wp","href":"https:\/\/api.w.org\/{rel}","templated":true}]}}